{"id":48146,"date":"2026-03-12T12:54:56","date_gmt":"2026-03-12T12:54:56","guid":{"rendered":"http:\/\/vocesver.com\/noticias\/?p=48146"},"modified":"2026-03-12T12:55:09","modified_gmt":"2026-03-12T12:55:09","slug":"con-561-vacantes-realizan-en-tuxpan-la-segunda-feria-de-empleo-para-las-mujeres","status":"publish","type":"post","link":"http:\/\/vocesver.com\/noticias\/con-561-vacantes-realizan-en-tuxpan-la-segunda-feria-de-empleo-para-las-mujeres\/","title":{"rendered":"Con 561 vacantes, realizan en Tuxpan la segunda Feria de Empleo para las Mujeres."},"content":{"rendered":"\n<p><\/p>\n\n\n\n<p>Ausencio Rivera \/Vocesver. com\/noticias&nbsp;<\/p>\n\n\n\n<p>Tuxpan, Ver., mi\u00e9rcoles 11 de marzo de 2026.- Con la participaci\u00f3n de 30 empresas y una<\/p>\n\n\n\n<p>oferta de 561 vacantes, con salarios que van de 9 mil 583 a 26 mil 176 pesos, se realiz\u00f3 en<\/p>\n\n\n\n<p>Tuxpan la segunda Feria Nacional de Empleo para las Mujeres, organizada por la Secretar\u00eda<\/p>\n\n\n\n<p>de Trabajo, Previsi\u00f3n Social y Productividad (STPSP), a trav\u00e9s del Servicio Nacional de<\/p>\n\n\n\n<p>Empleo Veracruz.<\/p>\n\n\n\n<p>La jornada permiti\u00f3 vincular de manera directa a buscadoras de empleo con empresas e<\/p>\n\n\n\n<p>instituciones del sector productivo, entre ellas la Secretar\u00eda de Seguridad P\u00fablica de<\/p>\n\n\n\n<p>Tamaulipas, Inspection and Reworking de M\u00e9xico, Servicios de Protecci\u00f3n Federal,<\/p>\n\n\n\n<p>Vi\u00f1edos Alta, SIMS Divisi\u00f3n Transporte, CELASA y SUMIMSA.<\/p>\n\n\n\n<p>Al inaugurar la jornada, el titular de la STPSP, Luis Arturo Santiago Mart\u00ednez, se\u00f1al\u00f3 que<\/p>\n\n\n\n<p>estas ferias forman parte de la estrategia estatal para acercar oportunidades de empleo<\/p>\n\n\n\n<p>formal y fortalecer la participaci\u00f3n laboral de las mujeres, mediante la coordinaci\u00f3n con el<\/p>\n\n\n\n<p>sector empresarial y las instituciones p\u00fablicas.<\/p>\n\n\n\n<p>Asimismo, destac\u00f3 que Tuxpan se consolida como un punto estrat\u00e9gico para la actividad<\/p>\n\n\n\n<p>econ\u00f3mica del norte de Veracruz, por su vocaci\u00f3n portuaria, su dinamismo comercial y su<\/p>\n\n\n\n<p>ubicaci\u00f3n log\u00edstica, factores que favorecen la atracci\u00f3n de inversiones y la generaci\u00f3n de<\/p>\n\n\n\n<p>empleo en la regi\u00f3n.<\/p>\n\n\n\n<p><\/p>\n","protected":false},"excerpt":{"rendered":"<p>Ausencio Rivera \/Vocesver. com\/noticias&nbsp; Tuxpan, Ver., mi\u00e9rcoles 11 de marzo de 2026.- Con la participaci\u00f3n de 30 empresas y una<\/p>\n","protected":false},"author":2,"featured_media":48147,"comment_status":"open","ping_status":"open","sticky":false,"template":"","format":"standard","meta":{"colormag_page_container_layout":"default_layout","colormag_page_sidebar_layout":"default_layout","footnotes":""},"categories":[4],"tags":[],"class_list":["post-48146","post","type-post","status-publish","format-standard","has-post-thumbnail","hentry","category-estatal"],"_links":{"self":[{"href":"http:\/\/vocesver.com\/noticias\/wp-json\/wp\/v2\/posts\/48146","targetHints":{"allow":["GET"]}}],"collection":[{"href":"http:\/\/vocesver.com\/noticias\/wp-json\/wp\/v2\/posts"}],"about":[{"href":"http:\/\/vocesver.com\/noticias\/wp-json\/wp\/v2\/types\/post"}],"author":[{"embeddable":true,"href":"http:\/\/vocesver.com\/noticias\/wp-json\/wp\/v2\/users\/2"}],"replies":[{"embeddable":true,"href":"http:\/\/vocesver.com\/noticias\/wp-json\/wp\/v2\/comments?post=48146"}],"version-history":[{"count":1,"href":"http:\/\/vocesver.com\/noticias\/wp-json\/wp\/v2\/posts\/48146\/revisions"}],"predecessor-version":[{"id":48148,"href":"http:\/\/vocesver.com\/noticias\/wp-json\/wp\/v2\/posts\/48146\/revisions\/48148"}],"wp:featuredmedia":[{"embeddable":true,"href":"http:\/\/vocesver.com\/noticias\/wp-json\/wp\/v2\/media\/48147"}],"wp:attachment":[{"href":"http:\/\/vocesver.com\/noticias\/wp-json\/wp\/v2\/media?parent=48146"}],"wp:term":[{"taxonomy":"category","embeddable":true,"href":"http:\/\/vocesver.com\/noticias\/wp-json\/wp\/v2\/categories?post=48146"},{"taxonomy":"post_tag","embeddable":true,"href":"http:\/\/vocesver.com\/noticias\/wp-json\/wp\/v2\/tags?post=48146"}],"curies":[{"name":"wp","href":"https:\/\/api.w.org\/{rel}","templated":true}]}}