{"id":48143,"date":"2026-03-12T12:51:32","date_gmt":"2026-03-12T12:51:32","guid":{"rendered":"http:\/\/vocesver.com\/noticias\/?p=48143"},"modified":"2026-03-12T12:51:46","modified_gmt":"2026-03-12T12:51:46","slug":"secver-afina-coordinacion-institucional-rumbo-a-cumbre-tajin","status":"publish","type":"post","link":"http:\/\/vocesver.com\/noticias\/secver-afina-coordinacion-institucional-rumbo-a-cumbre-tajin\/","title":{"rendered":"SECVER afina coordinaci\u00f3n institucional rumbo a Cumbre Taj\u00edn."},"content":{"rendered":"\n<p><\/p>\n\n\n\n<p>Ausencio Rivera \/Vocesver. com\/noticias&nbsp;<\/p>\n\n\n\n<p>Xalapa, Ver., mi\u00e9rcoles 11 de marzo de 2026.- La Secretar\u00eda de Cultura de Veracruz<\/p>\n\n\n\n<p>(SECVER) realiz\u00f3 una reuni\u00f3n de trabajo para coordinar los \u00faltimos detalles del festival<\/p>\n\n\n\n<p>Cumbre Taj\u00edn 2026 Tapaxawan: alegr\u00eda que une culturas, con el objetivo de garantizar su<\/p>\n\n\n\n<p>adecuada organizaci\u00f3n y que las familias disfruten de las actividades en un ambiente<\/p>\n\n\n\n<p>seguro.<\/p>\n\n\n\n<p>La mesa de trabajo fue encabezada por la titular de la dependencia, X\u00f3chitl Molina<\/p>\n\n\n\n<p>Gonz\u00e1lez, acompa\u00f1ada por el alcalde de Papantla, Gonzalo Flores Castellanos, as\u00ed como<\/p>\n\n\n\n<p>por representantes de las secretar\u00edas de Infraestructura y Obras P\u00fablicas, Protecci\u00f3n Civil,<\/p>\n\n\n\n<p>Seguridad P\u00fablica y Turismo, quienes suman esfuerzos para la log\u00edstica, seguridad y<\/p>\n\n\n\n<p>desarrollo de este encuentro cultural.<\/p>\n\n\n\n<p>Cumbre Taj\u00edn 2026 se realizar\u00e1 del viernes 20 al domingo 22 de marzo en Papantla, con<\/p>\n\n\n\n<p>entrada gratuita para el p\u00fablico. La programaci\u00f3n contempla talleres dirigidos a ni\u00f1as,<\/p>\n\n\n\n<p>ni\u00f1os, j\u00f3venes, mujeres y p\u00fablico en general, adem\u00e1s de muestras gastron\u00f3micas, danzas,<\/p>\n\n\n\n<p>rituales y diversas actividades culturales. Por la noche se presentar\u00e1n conciertos con una<\/p>\n\n\n\n<p>cartelera de artistas nacionales e internacionales.<\/p>\n\n\n\n<p>Entre los espacios destacados se encuentran el Nicho de Purificaci\u00f3n, dedicado a<\/p>\n\n\n\n<p>experiencias de medicina tradicional como limpias y masajes, y el Nicho de Aromas y<\/p>\n\n\n\n<p>Sabores, sede del Encuentro de Cocineras Tradicionales.Conoce m\u00e1s informaci\u00f3n sobre este festival a trav\u00e9s de las redes sociales<\/p>\n\n\n\n<p>@CumbreTajinOficial. Sigue la cuenta de la @SECVERoficial para conocer todas las<\/p>\n\n\n\n<p>actividades que confirman por qu\u00e9 Veracruz est\u00e1 de moda.<\/p>\n\n\n\n<p><\/p>\n","protected":false},"excerpt":{"rendered":"<p>Ausencio Rivera \/Vocesver. com\/noticias&nbsp; Xalapa, Ver., mi\u00e9rcoles 11 de marzo de 2026.- La Secretar\u00eda de Cultura de Veracruz (SECVER) realiz\u00f3<\/p>\n","protected":false},"author":2,"featured_media":48144,"comment_status":"open","ping_status":"open","sticky":false,"template":"","format":"standard","meta":{"colormag_page_container_layout":"default_layout","colormag_page_sidebar_layout":"default_layout","footnotes":""},"categories":[4],"tags":[],"class_list":["post-48143","post","type-post","status-publish","format-standard","has-post-thumbnail","hentry","category-estatal"],"_links":{"self":[{"href":"http:\/\/vocesver.com\/noticias\/wp-json\/wp\/v2\/posts\/48143","targetHints":{"allow":["GET"]}}],"collection":[{"href":"http:\/\/vocesver.com\/noticias\/wp-json\/wp\/v2\/posts"}],"about":[{"href":"http:\/\/vocesver.com\/noticias\/wp-json\/wp\/v2\/types\/post"}],"author":[{"embeddable":true,"href":"http:\/\/vocesver.com\/noticias\/wp-json\/wp\/v2\/users\/2"}],"replies":[{"embeddable":true,"href":"http:\/\/vocesver.com\/noticias\/wp-json\/wp\/v2\/comments?post=48143"}],"version-history":[{"count":1,"href":"http:\/\/vocesver.com\/noticias\/wp-json\/wp\/v2\/posts\/48143\/revisions"}],"predecessor-version":[{"id":48145,"href":"http:\/\/vocesver.com\/noticias\/wp-json\/wp\/v2\/posts\/48143\/revisions\/48145"}],"wp:featuredmedia":[{"embeddable":true,"href":"http:\/\/vocesver.com\/noticias\/wp-json\/wp\/v2\/media\/48144"}],"wp:attachment":[{"href":"http:\/\/vocesver.com\/noticias\/wp-json\/wp\/v2\/media?parent=48143"}],"wp:term":[{"taxonomy":"category","embeddable":true,"href":"http:\/\/vocesver.com\/noticias\/wp-json\/wp\/v2\/categories?post=48143"},{"taxonomy":"post_tag","embeddable":true,"href":"http:\/\/vocesver.com\/noticias\/wp-json\/wp\/v2\/tags?post=48143"}],"curies":[{"name":"wp","href":"https:\/\/api.w.org\/{rel}","templated":true}]}}