{"id":48140,"date":"2026-03-11T22:54:47","date_gmt":"2026-03-11T22:54:47","guid":{"rendered":"http:\/\/vocesver.com\/noticias\/?p=48140"},"modified":"2026-03-11T22:54:58","modified_gmt":"2026-03-11T22:54:58","slug":"yair-uriel-baruch-festejo-su-cumpleanos-en-el-cafe-el-alba-de-la-ciudad-de-veracruz","status":"publish","type":"post","link":"http:\/\/vocesver.com\/noticias\/yair-uriel-baruch-festejo-su-cumpleanos-en-el-cafe-el-alba-de-la-ciudad-de-veracruz\/","title":{"rendered":"Yair Uriel Baruch festejo su cumplea\u00f1os en el caf\u00e9 el Alba de la Ciudad de Veracruz."},"content":{"rendered":"\n<p><\/p>\n\n\n\n<p>**Estuvo acompa\u00f1ado de su abuelo el Ing. Emigdio Baruch Fonseca y amigos***<\/p>\n\n\n\n<p>**Adem\u00e1s de disfrutar rico pastel el festejado bail\u00f3 con empleadas de este establecimiento***.<\/p>\n\n\n\n<p>Ausencio Rivera\/Vocesver.com\/noticias<\/p>\n\n\n\n<p>Veracruz\/Ver.. A 11 de Marzo 2026.<\/p>\n\n\n\n<p>Acompa\u00f1ado de amigos y familiares el joven Yair Uriel Baruch nieto del reconocido ingeniero agr\u00f3nomo Emigdio Baruch Fonseca \u00a0festej\u00f3 un aniversario m\u00e1s de vida en el tradicional caf\u00e9 el \u00a0Alba de la Ciudad de Veracruz.<\/p>\n\n\n\n<p>El festejo se llev\u00f3 a cabo alrededor de las 12 del d\u00eda en donde el cumplea\u00f1ero recibi\u00f3 infinidad de muestras de cari\u00f1o y felicitaciones de los asistentes.<\/p>\n\n\n\n<p>Como ya es costumbre los empleados y empleadas de este caf\u00e9 le cantaron las tradicionales ma\u00f1anitas al festejado y le obsequiaron una rebanada de pastlel de chocolate y caf\u00e9 lechero. <\/p>\n\n\n\n<p>Tras la celebraci\u00f3n al cumplea\u00f1ero se le vio muy contento mostrando una sonrisa de oreja a oreja qu\u00e9 se acrecent\u00f3 cuando meseras de este establecimiento lo sacaron a bailar.<\/p>\n\n\n\n<p>Al convivi\u00f3 asisti\u00f3 su abuelo Ing. Emigdio Baruch Fonseca y organizador, estuvieron presentes los amigos:Ausencio Rivera, la Se\u00f1ora Isaura Yadira, el Ing. Ermillo Cantarell, el comerciante de Artesan\u00edas Jos\u00e9 Luis Cristo Amezcua y el se\u00f1or Carlos Arenas.<\/p>\n\n\n\n<p><\/p>\n","protected":false},"excerpt":{"rendered":"<p>**Estuvo acompa\u00f1ado de su abuelo el Ing. Emigdio Baruch Fonseca y amigos*** **Adem\u00e1s de disfrutar rico pastel el festejado bail\u00f3<\/p>\n","protected":false},"author":2,"featured_media":48141,"comment_status":"open","ping_status":"open","sticky":false,"template":"","format":"standard","meta":{"colormag_page_container_layout":"default_layout","colormag_page_sidebar_layout":"default_layout","footnotes":""},"categories":[2],"tags":[],"class_list":["post-48140","post","type-post","status-publish","format-standard","has-post-thumbnail","hentry","category-infogral"],"_links":{"self":[{"href":"http:\/\/vocesver.com\/noticias\/wp-json\/wp\/v2\/posts\/48140","targetHints":{"allow":["GET"]}}],"collection":[{"href":"http:\/\/vocesver.com\/noticias\/wp-json\/wp\/v2\/posts"}],"about":[{"href":"http:\/\/vocesver.com\/noticias\/wp-json\/wp\/v2\/types\/post"}],"author":[{"embeddable":true,"href":"http:\/\/vocesver.com\/noticias\/wp-json\/wp\/v2\/users\/2"}],"replies":[{"embeddable":true,"href":"http:\/\/vocesver.com\/noticias\/wp-json\/wp\/v2\/comments?post=48140"}],"version-history":[{"count":1,"href":"http:\/\/vocesver.com\/noticias\/wp-json\/wp\/v2\/posts\/48140\/revisions"}],"predecessor-version":[{"id":48142,"href":"http:\/\/vocesver.com\/noticias\/wp-json\/wp\/v2\/posts\/48140\/revisions\/48142"}],"wp:featuredmedia":[{"embeddable":true,"href":"http:\/\/vocesver.com\/noticias\/wp-json\/wp\/v2\/media\/48141"}],"wp:attachment":[{"href":"http:\/\/vocesver.com\/noticias\/wp-json\/wp\/v2\/media?parent=48140"}],"wp:term":[{"taxonomy":"category","embeddable":true,"href":"http:\/\/vocesver.com\/noticias\/wp-json\/wp\/v2\/categories?post=48140"},{"taxonomy":"post_tag","embeddable":true,"href":"http:\/\/vocesver.com\/noticias\/wp-json\/wp\/v2\/tags?post=48140"}],"curies":[{"name":"wp","href":"https:\/\/api.w.org\/{rel}","templated":true}]}}