{"id":48131,"date":"2026-03-11T13:13:08","date_gmt":"2026-03-11T13:13:08","guid":{"rendered":"http:\/\/vocesver.com\/noticias\/?p=48131"},"modified":"2026-03-11T13:15:11","modified_gmt":"2026-03-11T13:15:11","slug":"descacharriza-ayuntamiento-de-veracruz-playa-de-villa-del-mar-retiran-40-toneladas-de-desechos-2","status":"publish","type":"post","link":"http:\/\/vocesver.com\/noticias\/descacharriza-ayuntamiento-de-veracruz-playa-de-villa-del-mar-retiran-40-toneladas-de-desechos-2\/","title":{"rendered":"Descacharriza Ayuntamiento de Veracruz playa de Villa del Mar; retiran 40 toneladas de desechos.\u00a0"},"content":{"rendered":"\n<p><\/p>\n\n\n\n<p>***Estas acciones preventivas buscan mantener en \u00f3ptimas condiciones esta emblem\u00e1tica zona tur\u00edstica, previo al periodo vacacional de Semana Santa.<\/p>\n\n\n\n<p>REDACCI\u00d3N\/VOCESVER.COM7NOTICIAS<\/p>\n\n\n\n<p>Veracruz,Ver.- a 10 de Marzo 2026&#8230;.Rumbo al periodo vacacional de Semana Santa 2026, el Ayuntamiento de Veracruz realiz\u00f3 una jornada de descacharrizaci\u00f3n en la playa de Villa del Mar, una emblem\u00e1tica zona tur\u00edstica que, tradicionalmente, recibe a miles de visitantes en cada temporada de asueto. Estas acciones buscan mantener espacios limpios, seguros y en condiciones \u00f3ptimas para el disfrute de toda la ciudadan\u00eda.<\/p>\n\n\n\n<p>Durante la jornada, brigadas municipales realizaron labores de limpieza y retiro de objetos en desuso, logrando recolectar alrededor de 40 toneladas de desechos. Asimismo, se entregaron botes de basura a palaperos y vendedores del \u00e1rea para garantizar el manejo adecuado de los residuos y contribuir al cuidado de este espacio tur\u00edstico.<\/p>\n\n\n\n<p>La alcaldesa de Veracruz, Rosa Mar\u00eda Hern\u00e1ndez Espejo, exhort\u00f3 a quienes brindan servicios en esta franja de playa a trabajar de manera coordinada para ofrecer una atenci\u00f3n de calidad, mantener una buena imagen del destino y generar un ambiente que invite a las y los visitantes a disfrutar y regresar a la ciudad de Veracruz.<\/p>\n\n\n\n<p>En estas labores participaron ediles y personal de las direcciones de Limpia P\u00fablica, Medio Ambiente, Protecci\u00f3n Civil, Atenci\u00f3n Ciudadana y Tr\u00e1nsito Municipal, quienes sumaron esfuerzos junto con comerciantes y trabajadores de la zona para conservar en excelente estado este importante punto tur\u00edstico.<\/p>\n\n\n\n<p><\/p>\n","protected":false},"excerpt":{"rendered":"<p>***Estas acciones preventivas buscan mantener en \u00f3ptimas condiciones esta emblem\u00e1tica zona tur\u00edstica, previo al periodo vacacional de Semana Santa. REDACCI\u00d3N\/VOCESVER.COM7NOTICIAS<\/p>\n","protected":false},"author":2,"featured_media":48132,"comment_status":"open","ping_status":"open","sticky":false,"template":"","format":"standard","meta":{"colormag_page_container_layout":"default_layout","colormag_page_sidebar_layout":"default_layout","footnotes":""},"categories":[2],"tags":[],"class_list":["post-48131","post","type-post","status-publish","format-standard","has-post-thumbnail","hentry","category-infogral"],"_links":{"self":[{"href":"http:\/\/vocesver.com\/noticias\/wp-json\/wp\/v2\/posts\/48131","targetHints":{"allow":["GET"]}}],"collection":[{"href":"http:\/\/vocesver.com\/noticias\/wp-json\/wp\/v2\/posts"}],"about":[{"href":"http:\/\/vocesver.com\/noticias\/wp-json\/wp\/v2\/types\/post"}],"author":[{"embeddable":true,"href":"http:\/\/vocesver.com\/noticias\/wp-json\/wp\/v2\/users\/2"}],"replies":[{"embeddable":true,"href":"http:\/\/vocesver.com\/noticias\/wp-json\/wp\/v2\/comments?post=48131"}],"version-history":[{"count":1,"href":"http:\/\/vocesver.com\/noticias\/wp-json\/wp\/v2\/posts\/48131\/revisions"}],"predecessor-version":[{"id":48133,"href":"http:\/\/vocesver.com\/noticias\/wp-json\/wp\/v2\/posts\/48131\/revisions\/48133"}],"wp:featuredmedia":[{"embeddable":true,"href":"http:\/\/vocesver.com\/noticias\/wp-json\/wp\/v2\/media\/48132"}],"wp:attachment":[{"href":"http:\/\/vocesver.com\/noticias\/wp-json\/wp\/v2\/media?parent=48131"}],"wp:term":[{"taxonomy":"category","embeddable":true,"href":"http:\/\/vocesver.com\/noticias\/wp-json\/wp\/v2\/categories?post=48131"},{"taxonomy":"post_tag","embeddable":true,"href":"http:\/\/vocesver.com\/noticias\/wp-json\/wp\/v2\/tags?post=48131"}],"curies":[{"name":"wp","href":"https:\/\/api.w.org\/{rel}","templated":true}]}}