{"id":48128,"date":"2026-03-11T13:09:08","date_gmt":"2026-03-11T13:09:08","guid":{"rendered":"http:\/\/vocesver.com\/noticias\/?p=48128"},"modified":"2026-03-11T13:09:20","modified_gmt":"2026-03-11T13:09:20","slug":"la-croc-va-por-trabajo-digno-para-los-obreros-del-pais-en-2026","status":"publish","type":"post","link":"http:\/\/vocesver.com\/noticias\/la-croc-va-por-trabajo-digno-para-los-obreros-del-pais-en-2026\/","title":{"rendered":"La CROC va por \u2018trabajo digno\u2019 para los obreros del pa\u00eds en 2026."},"content":{"rendered":"\n<p>\u00b7 &nbsp; &nbsp; &nbsp;Anuncia Antonino Baxzi el LXX Consejo Nacional de este organizaci\u00f3n en la Ciudad de M\u00e9xico<\/p>\n\n\n\n<p><\/p>\n\n\n\n<p>REDACCION\/VOCESVER.COM\/NOTICIAS<\/p>\n\n\n\n<p>CDMX&#8230;.La Confederaci\u00f3n Revolucionaria de Obreros y Campesinos (CROC) avaluar\u00e1 el fortalecimiento de su estructura de Evaluadores de Competencias Laborales para la certificaci\u00f3n y la integraci\u00f3n de la organizaci\u00f3n Avanzamos, integrada por mujeres para fortalecer la igualdad de g\u00e9nero, en su LXX Consejo Nacional Ordinario que celebrar\u00e1 el pr\u00f3ximo viernes en la Ciudad de M\u00e9xico.<\/p>\n\n\n\n<p>El l\u00edder nacional de esta organizaci\u00f3n obrera, Isa\u00edas Gonz\u00e1lez Cuevas, convoc\u00f3 a todos los liderazgos estatales, incluido el de Veracruz con Antonino Baxzi Mata, donde tambi\u00e9n se revisar\u00e1 la consolidaci\u00f3n del Frente Juvenil que agrupa a las nuevas generaciones de trabajadores, el fortalecimiento de los Promotores del Medio Ambiente y las acciones sociales que realiza nuestra organizaci\u00f3n en beneficio de las y los miembros de la CROC.<\/p>\n\n\n\n<p>Este Consejo Nacional Ordinario servir\u00e1 para ratificar el Plan de Trabajo 2026, cuya agenda tiene como prop\u00f3sito mejorar el ingreso salarial de todos los obreros, el trabajo digno que se refiere al empleo productivo para mujeres y hombres en condiciones de libertad, equidad, seguridad y dignidad humana, la protecci\u00f3n social, la productividad, la igualdad sustantiva y el bienestar de las familias trabajadoras.<\/p>\n\n\n\n<p>En la reuni\u00f3n de la CROC se dar\u00e1n a conocer los resultados de las revisiones de Contratos Colectivos de Trabajo (CCT), avances en la estructura de Delegadas y Delegados de la Salud, y la conformaci\u00f3n de la estructura de Facilitadores de la Educaci\u00f3n.<\/p>\n\n\n\n<p><\/p>\n","protected":false},"excerpt":{"rendered":"<p>\u00b7 &nbsp; &nbsp; &nbsp;Anuncia Antonino Baxzi el LXX Consejo Nacional de este organizaci\u00f3n en la Ciudad de M\u00e9xico REDACCION\/VOCESVER.COM\/NOTICIAS CDMX&#8230;.La<\/p>\n","protected":false},"author":2,"featured_media":48129,"comment_status":"open","ping_status":"open","sticky":false,"template":"","format":"standard","meta":{"colormag_page_container_layout":"default_layout","colormag_page_sidebar_layout":"default_layout","footnotes":""},"categories":[5],"tags":[],"class_list":["post-48128","post","type-post","status-publish","format-standard","has-post-thumbnail","hentry","category-nacional"],"_links":{"self":[{"href":"http:\/\/vocesver.com\/noticias\/wp-json\/wp\/v2\/posts\/48128","targetHints":{"allow":["GET"]}}],"collection":[{"href":"http:\/\/vocesver.com\/noticias\/wp-json\/wp\/v2\/posts"}],"about":[{"href":"http:\/\/vocesver.com\/noticias\/wp-json\/wp\/v2\/types\/post"}],"author":[{"embeddable":true,"href":"http:\/\/vocesver.com\/noticias\/wp-json\/wp\/v2\/users\/2"}],"replies":[{"embeddable":true,"href":"http:\/\/vocesver.com\/noticias\/wp-json\/wp\/v2\/comments?post=48128"}],"version-history":[{"count":1,"href":"http:\/\/vocesver.com\/noticias\/wp-json\/wp\/v2\/posts\/48128\/revisions"}],"predecessor-version":[{"id":48130,"href":"http:\/\/vocesver.com\/noticias\/wp-json\/wp\/v2\/posts\/48128\/revisions\/48130"}],"wp:featuredmedia":[{"embeddable":true,"href":"http:\/\/vocesver.com\/noticias\/wp-json\/wp\/v2\/media\/48129"}],"wp:attachment":[{"href":"http:\/\/vocesver.com\/noticias\/wp-json\/wp\/v2\/media?parent=48128"}],"wp:term":[{"taxonomy":"category","embeddable":true,"href":"http:\/\/vocesver.com\/noticias\/wp-json\/wp\/v2\/categories?post=48128"},{"taxonomy":"post_tag","embeddable":true,"href":"http:\/\/vocesver.com\/noticias\/wp-json\/wp\/v2\/tags?post=48128"}],"curies":[{"name":"wp","href":"https:\/\/api.w.org\/{rel}","templated":true}]}}