{"id":48125,"date":"2026-03-11T12:56:46","date_gmt":"2026-03-11T12:56:46","guid":{"rendered":"http:\/\/vocesver.com\/noticias\/?p=48125"},"modified":"2026-03-11T12:56:57","modified_gmt":"2026-03-11T12:56:57","slug":"fuera-del-congreso-diputados-plurissentimientos-de-la-nacion","status":"publish","type":"post","link":"http:\/\/vocesver.com\/noticias\/fuera-del-congreso-diputados-plurissentimientos-de-la-nacion\/","title":{"rendered":"Fuera del Congreso diputados pluris:Sentimientos de la Naci\u00f3n."},"content":{"rendered":"\n<p>REDACCION\/VOCESVER.COM\/NOTICIAS<\/p>\n\n\n\n<p>Veracruz,Ver&#8230;a 11 de Marzo 2026.- Debido a que el pueblo  ya est\u00e1 cansado de los diputados que no hacen nada en beneficio de los ciudadanos, la Organizaci\u00f3n Pol\u00edtica Social Sentimientos de la Naci\u00f3n que representa en el Estado el licenciado Evirilio Tamariz Pimentel se manifest\u00f3 a favor de la reforma electoral presentada en el Congreso de la Uni\u00f3n por la Presidenta de la Rep\u00fablica Claudia Sheimbaum Pardo.  El reconocido luchador social y fiel seguidores de los ideales de Zapata dijo ya es tiempo de sacar a esa bola de holgazanes que solo se preocupan por sus propios intereses y las de sus partidos.<\/p>\n","protected":false},"excerpt":{"rendered":"<p>REDACCION\/VOCESVER.COM\/NOTICIAS Veracruz,Ver&#8230;a 11 de Marzo 2026.- Debido a que el pueblo ya est\u00e1 cansado de los diputados que no hacen<\/p>\n","protected":false},"author":2,"featured_media":48126,"comment_status":"open","ping_status":"open","sticky":false,"template":"","format":"standard","meta":{"colormag_page_container_layout":"default_layout","colormag_page_sidebar_layout":"default_layout","footnotes":""},"categories":[2],"tags":[],"class_list":["post-48125","post","type-post","status-publish","format-standard","has-post-thumbnail","hentry","category-infogral"],"_links":{"self":[{"href":"http:\/\/vocesver.com\/noticias\/wp-json\/wp\/v2\/posts\/48125","targetHints":{"allow":["GET"]}}],"collection":[{"href":"http:\/\/vocesver.com\/noticias\/wp-json\/wp\/v2\/posts"}],"about":[{"href":"http:\/\/vocesver.com\/noticias\/wp-json\/wp\/v2\/types\/post"}],"author":[{"embeddable":true,"href":"http:\/\/vocesver.com\/noticias\/wp-json\/wp\/v2\/users\/2"}],"replies":[{"embeddable":true,"href":"http:\/\/vocesver.com\/noticias\/wp-json\/wp\/v2\/comments?post=48125"}],"version-history":[{"count":1,"href":"http:\/\/vocesver.com\/noticias\/wp-json\/wp\/v2\/posts\/48125\/revisions"}],"predecessor-version":[{"id":48127,"href":"http:\/\/vocesver.com\/noticias\/wp-json\/wp\/v2\/posts\/48125\/revisions\/48127"}],"wp:featuredmedia":[{"embeddable":true,"href":"http:\/\/vocesver.com\/noticias\/wp-json\/wp\/v2\/media\/48126"}],"wp:attachment":[{"href":"http:\/\/vocesver.com\/noticias\/wp-json\/wp\/v2\/media?parent=48125"}],"wp:term":[{"taxonomy":"category","embeddable":true,"href":"http:\/\/vocesver.com\/noticias\/wp-json\/wp\/v2\/categories?post=48125"},{"taxonomy":"post_tag","embeddable":true,"href":"http:\/\/vocesver.com\/noticias\/wp-json\/wp\/v2\/tags?post=48125"}],"curies":[{"name":"wp","href":"https:\/\/api.w.org\/{rel}","templated":true}]}}