{"id":48120,"date":"2026-03-11T03:11:42","date_gmt":"2026-03-11T03:11:42","guid":{"rendered":"http:\/\/vocesver.com\/noticias\/?p=48120"},"modified":"2026-03-11T03:17:09","modified_gmt":"2026-03-11T03:17:09","slug":"sentimientos-de-la-nacion-a-favor-de-la-reforma-electoral-que-propone-sheinbaum","status":"publish","type":"post","link":"http:\/\/vocesver.com\/noticias\/sentimientos-de-la-nacion-a-favor-de-la-reforma-electoral-que-propone-sheinbaum\/","title":{"rendered":"Sentimientos de la Naci\u00f3n a favor de la Reforma Electoral que propone Sheinbaum."},"content":{"rendered":"\n<p><\/p>\n\n\n\n<p>**Acabar\u00e1 con muchos vicios que hunden al pais y perjudican a los mexicanos**<\/p>\n\n\n\n<p>Ausencio Rivera \/Vocesver. com\/noticias<\/p>\n\n\n\n<p>Veracruz, Ver. A 10 de Marzo 2026&#8230; El presidente estatal de la Agrupaci\u00f3n Pol\u00edtica Social  Sentimientos de la Naci\u00f3n Lic. Evirilio Tamariz Pimentel se pronunci\u00f3  a favor de la reforma electoral que present\u00f3 ante el Congreso de la Uni\u00f3n la presidenta de la Rep\u00fablica Dra. Claudia Sheinbaum Pardo porque tiene Importantes beneficios para el pueblo de M\u00e9xico.<\/p>\n\n\n\n<p>En conferencia de medios el fiel seguidor de los ideales de Zapata destac\u00f3 que la cuesti\u00f3n de los plurinominales siempre ha predominado el vil dedazo de parte de la c\u00fapula de los partidos y en donde el propio dirigente nacional y estatal se autonombran para ocupar esos espacios o en su defecto pone a familiares,amigos y hasta compadres.<\/p>\n\n\n\n<p>Por eso esta organizaci\u00f3n le total respaldo a dicha iniciativa y exhorta a los representantes de los  partidos pol\u00edticos a pensar m\u00e1s en beneficio del pueblo y no en sus intereses personales que solo beneficia a ellos y a  sus partidos y dirigentes.<\/p>\n","protected":false},"excerpt":{"rendered":"<p>**Acabar\u00e1 con muchos vicios que hunden al pais y perjudican a los mexicanos** Ausencio Rivera \/Vocesver. com\/noticias Veracruz, Ver. A<\/p>\n","protected":false},"author":2,"featured_media":48121,"comment_status":"open","ping_status":"open","sticky":false,"template":"","format":"standard","meta":{"colormag_page_container_layout":"default_layout","colormag_page_sidebar_layout":"default_layout","footnotes":""},"categories":[2],"tags":[],"class_list":["post-48120","post","type-post","status-publish","format-standard","has-post-thumbnail","hentry","category-infogral"],"_links":{"self":[{"href":"http:\/\/vocesver.com\/noticias\/wp-json\/wp\/v2\/posts\/48120","targetHints":{"allow":["GET"]}}],"collection":[{"href":"http:\/\/vocesver.com\/noticias\/wp-json\/wp\/v2\/posts"}],"about":[{"href":"http:\/\/vocesver.com\/noticias\/wp-json\/wp\/v2\/types\/post"}],"author":[{"embeddable":true,"href":"http:\/\/vocesver.com\/noticias\/wp-json\/wp\/v2\/users\/2"}],"replies":[{"embeddable":true,"href":"http:\/\/vocesver.com\/noticias\/wp-json\/wp\/v2\/comments?post=48120"}],"version-history":[{"count":2,"href":"http:\/\/vocesver.com\/noticias\/wp-json\/wp\/v2\/posts\/48120\/revisions"}],"predecessor-version":[{"id":48124,"href":"http:\/\/vocesver.com\/noticias\/wp-json\/wp\/v2\/posts\/48120\/revisions\/48124"}],"wp:featuredmedia":[{"embeddable":true,"href":"http:\/\/vocesver.com\/noticias\/wp-json\/wp\/v2\/media\/48121"}],"wp:attachment":[{"href":"http:\/\/vocesver.com\/noticias\/wp-json\/wp\/v2\/media?parent=48120"}],"wp:term":[{"taxonomy":"category","embeddable":true,"href":"http:\/\/vocesver.com\/noticias\/wp-json\/wp\/v2\/categories?post=48120"},{"taxonomy":"post_tag","embeddable":true,"href":"http:\/\/vocesver.com\/noticias\/wp-json\/wp\/v2\/tags?post=48120"}],"curies":[{"name":"wp","href":"https:\/\/api.w.org\/{rel}","templated":true}]}}