{"id":48117,"date":"2026-03-11T02:59:28","date_gmt":"2026-03-11T02:59:28","guid":{"rendered":"http:\/\/vocesver.com\/noticias\/?p=48117"},"modified":"2026-03-11T03:01:29","modified_gmt":"2026-03-11T03:01:29","slug":"veracruz-destaca-en-crecimiento-industrial-nacional-con-alza-de-4-7","status":"publish","type":"post","link":"http:\/\/vocesver.com\/noticias\/veracruz-destaca-en-crecimiento-industrial-nacional-con-alza-de-4-7\/","title":{"rendered":"Veracruz destaca en crecimiento industrial nacional con alza de 4.7 %."},"content":{"rendered":"\n<p><\/p>\n\n\n\n<p>Ausencio Rivera \/Vocesver. com\/noticias&nbsp;<\/p>\n\n\n\n<p>Xalapa, Ver., martes 10 de marzo de 2026.- La actividad industrial de Veracruz registr\u00f3<\/p>\n\n\n\n<p>un crecimiento mensual de 4.7 por ciento en noviembre de 2025, de acuerdo con el<\/p>\n\n\n\n<p>Indicador Mensual de la Actividad Industrial por Entidad Federativa (IMAIEF) publicado<\/p>\n\n\n\n<p>por el Instituto Nacional de Estad\u00edstica y Geograf\u00eda.<\/p>\n\n\n\n<p>Con este resultado, la entidad se ubic\u00f3 entre los estados con mayor dinamismo industrial<\/p>\n\n\n\n<p>a nivel nacional, junto con Hidalgo y Quintana Roo, lo que confirma el fortalecimiento de<\/p>\n\n\n\n<p>la actividad productiva y la recuperaci\u00f3n sostenida del sector industrial veracruzano.<\/p>\n\n\n\n<p>El IMAIEF es uno de los principales instrumentos estad\u00edsticos para medir el<\/p>\n\n\n\n<p>comportamiento de las actividades secundarias en el pa\u00eds, entre ellas la miner\u00eda, la<\/p>\n\n\n\n<p>construcci\u00f3n, las industrias manufactureras y la generaci\u00f3n y distribuci\u00f3n de energ\u00eda<\/p>\n\n\n\n<p>el\u00e9ctrica, agua y gas, lo que permite evaluar el desempe\u00f1o industrial de cada entidad<\/p>\n\n\n\n<p>federativa.<\/p>\n\n\n\n<p>En Veracruz, el crecimiento industrial se explica por el dinamismo de sectores estrat\u00e9gicos<\/p>\n\n\n\n<p>de la econom\u00eda estatal, particularmente las industrias manufactureras, la actividad<\/p>\n\n\n\n<p>energ\u00e9tica, la petroqu\u00edmica y la transformaci\u00f3n de alimentos, adem\u00e1s de su plataforma<\/p>\n\n\n\n<p>log\u00edstica y portuaria, que facilita la integraci\u00f3n de cadenas productivas y el movimiento<\/p>\n\n\n\n<p>de mercanc\u00edas.Este desempe\u00f1o se enmarca en la pol\u00edtica econ\u00f3mica impulsada por la gobernadora Roc\u00edo<\/p>\n\n\n\n<p>Nahle Garc\u00eda, orientada a fortalecer el desarrollo productivo mediante la atracci\u00f3n de<\/p>\n\n\n\n<p>inversiones, el impulso a la industria y la generaci\u00f3n de empleos.<\/p>\n\n\n\n<p>A trav\u00e9s de la Secretar\u00eda de Desarrollo Econ\u00f3mico y Portuario, el Gobierno del Estado<\/p>\n\n\n\n<p>mantiene una estrategia enfocada en consolidar la competitividad de Veracruz mediante<\/p>\n\n\n\n<p>el fortalecimiento de su infraestructura log\u00edstica, el desarrollo de cadenas de valor y la<\/p>\n\n\n\n<p>coordinaci\u00f3n con el sector empresarial.<\/p>\n\n\n\n<p><\/p>\n","protected":false},"excerpt":{"rendered":"<p>Ausencio Rivera \/Vocesver. com\/noticias&nbsp; Xalapa, Ver., martes 10 de marzo de 2026.- La actividad industrial de Veracruz registr\u00f3 un crecimiento<\/p>\n","protected":false},"author":2,"featured_media":48118,"comment_status":"open","ping_status":"open","sticky":false,"template":"","format":"standard","meta":{"colormag_page_container_layout":"default_layout","colormag_page_sidebar_layout":"default_layout","footnotes":""},"categories":[2],"tags":[],"class_list":["post-48117","post","type-post","status-publish","format-standard","has-post-thumbnail","hentry","category-infogral"],"_links":{"self":[{"href":"http:\/\/vocesver.com\/noticias\/wp-json\/wp\/v2\/posts\/48117","targetHints":{"allow":["GET"]}}],"collection":[{"href":"http:\/\/vocesver.com\/noticias\/wp-json\/wp\/v2\/posts"}],"about":[{"href":"http:\/\/vocesver.com\/noticias\/wp-json\/wp\/v2\/types\/post"}],"author":[{"embeddable":true,"href":"http:\/\/vocesver.com\/noticias\/wp-json\/wp\/v2\/users\/2"}],"replies":[{"embeddable":true,"href":"http:\/\/vocesver.com\/noticias\/wp-json\/wp\/v2\/comments?post=48117"}],"version-history":[{"count":1,"href":"http:\/\/vocesver.com\/noticias\/wp-json\/wp\/v2\/posts\/48117\/revisions"}],"predecessor-version":[{"id":48119,"href":"http:\/\/vocesver.com\/noticias\/wp-json\/wp\/v2\/posts\/48117\/revisions\/48119"}],"wp:featuredmedia":[{"embeddable":true,"href":"http:\/\/vocesver.com\/noticias\/wp-json\/wp\/v2\/media\/48118"}],"wp:attachment":[{"href":"http:\/\/vocesver.com\/noticias\/wp-json\/wp\/v2\/media?parent=48117"}],"wp:term":[{"taxonomy":"category","embeddable":true,"href":"http:\/\/vocesver.com\/noticias\/wp-json\/wp\/v2\/categories?post=48117"},{"taxonomy":"post_tag","embeddable":true,"href":"http:\/\/vocesver.com\/noticias\/wp-json\/wp\/v2\/tags?post=48117"}],"curies":[{"name":"wp","href":"https:\/\/api.w.org\/{rel}","templated":true}]}}