{"id":48111,"date":"2026-03-11T02:51:28","date_gmt":"2026-03-11T02:51:28","guid":{"rendered":"http:\/\/vocesver.com\/noticias\/?p=48111"},"modified":"2026-03-11T02:51:43","modified_gmt":"2026-03-11T02:51:43","slug":"veracruz-reforzara-bienpesca-con-apoyo-estatal-de-4-mil-pesos-para-pescadoras-y-pescadores-rocio-nahle","status":"publish","type":"post","link":"http:\/\/vocesver.com\/noticias\/veracruz-reforzara-bienpesca-con-apoyo-estatal-de-4-mil-pesos-para-pescadoras-y-pescadores-rocio-nahle\/","title":{"rendered":"Veracruz reforzar\u00e1 Bienpesca con apoyo estatal de 4 mil pesos para pescadoras y pescadores: Roc\u00edo Nahle."},"content":{"rendered":"\n<p><\/p>\n\n\n\n<p>Veracruz reforzar\u00e1 Bienpesca con apoyo estatal de 4 mil pesos para pescadoras y<\/p>\n\n\n\n<p>pescadores: Roc\u00edo Nahle<\/p>\n\n\n\n<p>&gt;24 mil 815 beneficiarios reciben su tarjeta; el programa genera una derrama de 198.5<\/p>\n\n\n\n<p>mdp en Veracruz.<\/p>\n\n\n\n<p>&gt;Brigadas realizan labores de limpieza para retirar material localizado en playas del sur<\/p>\n\n\n\n<p>del estado.<\/p>\n\n\n\n<p>Ausencio Rivera \/Vocesver. com\/noticias&nbsp;<\/p>\n\n\n\n<p>Alvarado, Ver., martes 10 de marzo de 2026.- La gobernadora Roc\u00edo Nahle Garc\u00eda<\/p>\n\n\n\n<p>anunci\u00f3 que, a partir de mayo, el Gobierno de Veracruz otorgar\u00e1, a trav\u00e9s de la Secretar\u00eda<\/p>\n\n\n\n<p>de Desarrollo Agropecuario, Rural y Pesca, un apoyo econ\u00f3mico adicional de cuatro mil<\/p>\n\n\n\n<p>pesos a pescadores y acuicultores beneficiarios del programa Bienpesca.<\/p>\n\n\n\n<p>Al encabezar el operativo de entrega de medios de pago en el parque deportivo Miguel<\/p>\n\n\n\n<p>Alem\u00e1n Valdez, explic\u00f3 que el incentivo estatal equivale a cerca de la mitad del monto<\/p>\n\n\n\n<p>que entrega el programa federal y se dispersar\u00e1 utilizando el mismo padr\u00f3n de Bienestar,<\/p>\n\n\n\n<p>lo que permitir\u00e1 garantizar transparencia y facilitar la entrega directa de los recursos.<\/p>\n\n\n\n<p>\u201cSabemos de su trabajo y de sus complicaciones; nuestra obligaci\u00f3n es apoyarles. A trav\u00e9s<\/p>\n\n\n\n<p>de este programa la presidenta Claudia Sheinbaum busca compensar parte de su esfuerzo<\/p>\n\n\n\n<p>diario; estoy segura de que sabr\u00e1n aprovechar bien este recurso\u201d, expres\u00f3.El delegado de Programas para el Bienestar, Juan Javier G\u00f3mez Cazar\u00edn, inform\u00f3 que este<\/p>\n\n\n\n<p>a\u00f1o el programa contempla 24 mil 815 beneficiarios, quienes recibir\u00e1n un apoyo de 8 mil<\/p>\n\n\n\n<p>pesos, lo que representa una inversi\u00f3n federal de 198 millones 520 mil pesos en la entidad.<\/p>\n\n\n\n<p>En el municipio de Alvarado, uno de los principales centros pesqueros del pa\u00eds por su<\/p>\n\n\n\n<p>ubicaci\u00f3n en la desembocadura del r\u00edo Papaloapan y frente al Golfo de M\u00e9xico, 5 mil 395<\/p>\n\n\n\n<p>pescadores y pescadoras recibir\u00e1n este apoyo, lo que representa m\u00e1s del 21 por ciento del<\/p>\n\n\n\n<p>total estatal y una derrama econ\u00f3mica local de 43 millones 160 mil pesos.<\/p>\n\n\n\n<p>En este marco, la Gobernadora tambi\u00e9n inform\u00f3 que autoridades estatales y federales<\/p>\n\n\n\n<p>trabajan de manera coordinada para atender la presencia de hidrocarburo detectada en<\/p>\n\n\n\n<p>playas del sur, particularmente en la zona de Pajapan y Soteapan.<\/p>\n\n\n\n<p>Explic\u00f3 que, tras las inspecciones realizadas con Petr\u00f3leos Mexicanos, la Secretar\u00eda de<\/p>\n\n\n\n<p>Protecci\u00f3n Civil y la Secretar\u00eda de Medio Ambiente y Recursos Naturales, no se ha<\/p>\n\n\n\n<p>detectado derrame proveniente de embarcaciones o plataformas petroleras.<\/p>\n\n\n\n<p>Indic\u00f3 que brigadas realizan labores de limpieza y contenci\u00f3n para retirar el material<\/p>\n\n\n\n<p>localizado en la costa, mientras contin\u00faan las investigaciones para determinar su origen.<\/p>\n\n\n\n<p>El evento cont\u00f3 con la anfitrion\u00eda del presidente municipal de Alvarado, Alberto \u00c1ngel<\/p>\n\n\n\n<p>Cobos M\u00e1rquez, y la presencia de la senadora Raquel Bonilla Herrera; del secretario de<\/p>\n\n\n\n<p>Desarrollo Agropecuario, Rural y Pesca, Rodrigo Calder\u00f3n Salas; y del delegado de la<\/p>\n\n\n\n<p>Comisi\u00f3n Nacional de Acuacultura y Pesca en el estado, Luis Miguel Echeverr\u00eda Rey.<\/p>\n\n\n\n<p><\/p>\n","protected":false},"excerpt":{"rendered":"<p>Veracruz reforzar\u00e1 Bienpesca con apoyo estatal de 4 mil pesos para pescadoras y pescadores: Roc\u00edo Nahle &gt;24 mil 815 beneficiarios<\/p>\n","protected":false},"author":2,"featured_media":48112,"comment_status":"open","ping_status":"open","sticky":false,"template":"","format":"standard","meta":{"colormag_page_container_layout":"default_layout","colormag_page_sidebar_layout":"default_layout","footnotes":""},"categories":[4],"tags":[],"class_list":["post-48111","post","type-post","status-publish","format-standard","has-post-thumbnail","hentry","category-estatal"],"_links":{"self":[{"href":"http:\/\/vocesver.com\/noticias\/wp-json\/wp\/v2\/posts\/48111","targetHints":{"allow":["GET"]}}],"collection":[{"href":"http:\/\/vocesver.com\/noticias\/wp-json\/wp\/v2\/posts"}],"about":[{"href":"http:\/\/vocesver.com\/noticias\/wp-json\/wp\/v2\/types\/post"}],"author":[{"embeddable":true,"href":"http:\/\/vocesver.com\/noticias\/wp-json\/wp\/v2\/users\/2"}],"replies":[{"embeddable":true,"href":"http:\/\/vocesver.com\/noticias\/wp-json\/wp\/v2\/comments?post=48111"}],"version-history":[{"count":1,"href":"http:\/\/vocesver.com\/noticias\/wp-json\/wp\/v2\/posts\/48111\/revisions"}],"predecessor-version":[{"id":48113,"href":"http:\/\/vocesver.com\/noticias\/wp-json\/wp\/v2\/posts\/48111\/revisions\/48113"}],"wp:featuredmedia":[{"embeddable":true,"href":"http:\/\/vocesver.com\/noticias\/wp-json\/wp\/v2\/media\/48112"}],"wp:attachment":[{"href":"http:\/\/vocesver.com\/noticias\/wp-json\/wp\/v2\/media?parent=48111"}],"wp:term":[{"taxonomy":"category","embeddable":true,"href":"http:\/\/vocesver.com\/noticias\/wp-json\/wp\/v2\/categories?post=48111"},{"taxonomy":"post_tag","embeddable":true,"href":"http:\/\/vocesver.com\/noticias\/wp-json\/wp\/v2\/tags?post=48111"}],"curies":[{"name":"wp","href":"https:\/\/api.w.org\/{rel}","templated":true}]}}