{"id":48108,"date":"2026-03-11T02:45:04","date_gmt":"2026-03-11T02:45:04","guid":{"rendered":"http:\/\/vocesver.com\/noticias\/?p=48108"},"modified":"2026-03-11T02:45:18","modified_gmt":"2026-03-11T02:45:18","slug":"retira-transito-municipal-motocicletas-estacionadas-en-callejones-y-andadores","status":"publish","type":"post","link":"http:\/\/vocesver.com\/noticias\/retira-transito-municipal-motocicletas-estacionadas-en-callejones-y-andadores\/","title":{"rendered":"Retira Tr\u00e1nsito Municipal motocicletas estacionadas en callejones y andadores."},"content":{"rendered":"\n<p><\/p>\n\n\n\n<p>***El Ayuntamiento de Veracruz hace un llamado a la poblaci\u00f3n para respetar los espacios destinados a paso peatonal&nbsp;<\/p>\n\n\n\n<p>AUSENCIO RIVERA\/VOCESVER.COM\/NOTICIAS<\/p>\n\n\n\n<p>La direcci\u00f3n de Tr\u00e1nsito y Vialidad Municipal de Veracruz seguir\u00e1 retirando motocicletas estacionadas en callejones y andadores de la zona centro de la ciudad, asegurando el libre tr\u00e1nsito peatonal y fomentando el orden y la seguridad en el primer cuadro del municipio.<\/p>\n\n\n\n<p>Estas acciones forman parte del rescate de espacios p\u00fablicos impulsado por la alcaldesa Rosa Mar\u00eda Hern\u00e1ndez Espejo, con el objetivo de fomentar el respeto hacia los transe\u00fantes y proyectar un Centro Hist\u00f3rico m\u00e1s ordenado, seguro y agradable para familias veracruzanas y turistas.<\/p>\n\n\n\n<p>El Ayuntamiento de Veracruz reitera un llamado a la poblaci\u00f3n a no estacionarse en lugares prohibidos, con la finalidad de promover la educaci\u00f3n vial y proteger a quienes caminan. Los operativos continuar\u00e1n de manera constante hasta consolidar esta cultura de respeto en la ciudad.<\/p>\n","protected":false},"excerpt":{"rendered":"<p>***El Ayuntamiento de Veracruz hace un llamado a la poblaci\u00f3n para respetar los espacios destinados a paso peatonal&nbsp; AUSENCIO RIVERA\/VOCESVER.COM\/NOTICIAS<\/p>\n","protected":false},"author":2,"featured_media":48109,"comment_status":"open","ping_status":"open","sticky":false,"template":"","format":"standard","meta":{"colormag_page_container_layout":"default_layout","colormag_page_sidebar_layout":"default_layout","footnotes":""},"categories":[2],"tags":[],"class_list":["post-48108","post","type-post","status-publish","format-standard","has-post-thumbnail","hentry","category-infogral"],"_links":{"self":[{"href":"http:\/\/vocesver.com\/noticias\/wp-json\/wp\/v2\/posts\/48108","targetHints":{"allow":["GET"]}}],"collection":[{"href":"http:\/\/vocesver.com\/noticias\/wp-json\/wp\/v2\/posts"}],"about":[{"href":"http:\/\/vocesver.com\/noticias\/wp-json\/wp\/v2\/types\/post"}],"author":[{"embeddable":true,"href":"http:\/\/vocesver.com\/noticias\/wp-json\/wp\/v2\/users\/2"}],"replies":[{"embeddable":true,"href":"http:\/\/vocesver.com\/noticias\/wp-json\/wp\/v2\/comments?post=48108"}],"version-history":[{"count":1,"href":"http:\/\/vocesver.com\/noticias\/wp-json\/wp\/v2\/posts\/48108\/revisions"}],"predecessor-version":[{"id":48110,"href":"http:\/\/vocesver.com\/noticias\/wp-json\/wp\/v2\/posts\/48108\/revisions\/48110"}],"wp:featuredmedia":[{"embeddable":true,"href":"http:\/\/vocesver.com\/noticias\/wp-json\/wp\/v2\/media\/48109"}],"wp:attachment":[{"href":"http:\/\/vocesver.com\/noticias\/wp-json\/wp\/v2\/media?parent=48108"}],"wp:term":[{"taxonomy":"category","embeddable":true,"href":"http:\/\/vocesver.com\/noticias\/wp-json\/wp\/v2\/categories?post=48108"},{"taxonomy":"post_tag","embeddable":true,"href":"http:\/\/vocesver.com\/noticias\/wp-json\/wp\/v2\/tags?post=48108"}],"curies":[{"name":"wp","href":"https:\/\/api.w.org\/{rel}","templated":true}]}}