{"id":48105,"date":"2026-03-10T13:20:49","date_gmt":"2026-03-10T13:20:49","guid":{"rendered":"http:\/\/vocesver.com\/noticias\/?p=48105"},"modified":"2026-03-10T13:23:21","modified_gmt":"2026-03-10T13:23:21","slug":"aprueba-ayuntamiento-de-veracruz-nuevo-titular-en-la-tesoreria-municipal","status":"publish","type":"post","link":"http:\/\/vocesver.com\/noticias\/aprueba-ayuntamiento-de-veracruz-nuevo-titular-en-la-tesoreria-municipal\/","title":{"rendered":"Aprueba Ayuntamiento de Veracruz nuevo titular en la Tesorer\u00eda Municipal."},"content":{"rendered":"\n<p><\/p>\n\n\n\n<p>Ausencio Rivera \/Vocesver. com\/noticias<\/p>\n\n\n\n<p>Veracruz, Ver.. A 9 de Marzo 2026.&nbsp;<\/p>\n\n\n\n<p>En un ejercicio de continuidad institucional y compromiso con la transparencia, el Ayuntamiento de Veracruz, encabezado por la presidenta municipal Rosa Mar\u00eda Hern\u00e1ndez Espejo, aprob\u00f3 por unanimidad el nombramiento de Manuel Alejandro Serrano Trinidad como nuevo titular de la Tesorer\u00eda Municipal.<\/p>\n\n\n\n<p>Durante la sesi\u00f3n ordinaria celebrada este lunes, las y los integrantes del cuerpo edilicio respaldaron la propuesta presentada por la alcaldesa, reconociendo su trayectoria en el servicio p\u00fablico y su capacidad para fortalecer la administraci\u00f3n financiera del municipio, luego de la renuncia de quien se desempe\u00f1aba en el cargo, Jos\u00e9 Luis Vargas Lugo.<\/p>\n\n\n\n<p>Tras rendir protesta ante el Cabildo, el nuevo Tesorero Municipal asumi\u00f3 la responsabilidad de conducir las finanzas p\u00fablicas bajo principios de orden, eficiencia y rendici\u00f3n de cuentas, contribuyendo a consolidar una gesti\u00f3n responsable de los recursos municipales.<\/p>\n\n\n\n<p>Con este nombramiento, el Ayuntamiento de Veracruz reafirma su compromiso con el manejo honesto y transparente del patrimonio p\u00fablico, as\u00ed como con la estabilidad financiera que permita seguir impulsando acciones en beneficio de las familias veracruzanas.<\/p>\n\n\n\n<p>Obtener&nbsp;<a rel=\"noreferrer noopener\" target=\"_blank\" href=\"https:\/\/aka.ms\/AAb9ysg\">Outlook para Android<\/a><\/p>\n\n\n\n<p><\/p>\n","protected":false},"excerpt":{"rendered":"<p>Ausencio Rivera \/Vocesver. com\/noticias Veracruz, Ver.. A 9 de Marzo 2026.&nbsp; En un ejercicio de continuidad institucional y compromiso con<\/p>\n","protected":false},"author":2,"featured_media":48106,"comment_status":"open","ping_status":"open","sticky":false,"template":"","format":"standard","meta":{"colormag_page_container_layout":"default_layout","colormag_page_sidebar_layout":"default_layout","footnotes":""},"categories":[2],"tags":[],"class_list":["post-48105","post","type-post","status-publish","format-standard","has-post-thumbnail","hentry","category-infogral"],"_links":{"self":[{"href":"http:\/\/vocesver.com\/noticias\/wp-json\/wp\/v2\/posts\/48105","targetHints":{"allow":["GET"]}}],"collection":[{"href":"http:\/\/vocesver.com\/noticias\/wp-json\/wp\/v2\/posts"}],"about":[{"href":"http:\/\/vocesver.com\/noticias\/wp-json\/wp\/v2\/types\/post"}],"author":[{"embeddable":true,"href":"http:\/\/vocesver.com\/noticias\/wp-json\/wp\/v2\/users\/2"}],"replies":[{"embeddable":true,"href":"http:\/\/vocesver.com\/noticias\/wp-json\/wp\/v2\/comments?post=48105"}],"version-history":[{"count":1,"href":"http:\/\/vocesver.com\/noticias\/wp-json\/wp\/v2\/posts\/48105\/revisions"}],"predecessor-version":[{"id":48107,"href":"http:\/\/vocesver.com\/noticias\/wp-json\/wp\/v2\/posts\/48105\/revisions\/48107"}],"wp:featuredmedia":[{"embeddable":true,"href":"http:\/\/vocesver.com\/noticias\/wp-json\/wp\/v2\/media\/48106"}],"wp:attachment":[{"href":"http:\/\/vocesver.com\/noticias\/wp-json\/wp\/v2\/media?parent=48105"}],"wp:term":[{"taxonomy":"category","embeddable":true,"href":"http:\/\/vocesver.com\/noticias\/wp-json\/wp\/v2\/categories?post=48105"},{"taxonomy":"post_tag","embeddable":true,"href":"http:\/\/vocesver.com\/noticias\/wp-json\/wp\/v2\/tags?post=48105"}],"curies":[{"name":"wp","href":"https:\/\/api.w.org\/{rel}","templated":true}]}}