{"id":48098,"date":"2026-03-10T13:10:00","date_gmt":"2026-03-10T13:10:00","guid":{"rendered":"http:\/\/vocesver.com\/noticias\/?p=48098"},"modified":"2026-03-10T13:10:16","modified_gmt":"2026-03-10T13:10:16","slug":"jovenes-clave-para-la-construccion-de-paz-y-el-futuro-educativo-sev","status":"publish","type":"post","link":"http:\/\/vocesver.com\/noticias\/jovenes-clave-para-la-construccion-de-paz-y-el-futuro-educativo-sev\/","title":{"rendered":"J\u00f3venes, clave para la construcci\u00f3n de paz y el futuro educativo: SEV"},"content":{"rendered":"\n<p>Ausencio Rivera \/Vocesver.. com\/noticias&nbsp;<\/p>\n\n\n\n<p>Xalapa, Ver., lunes 09 de marzo de 2026.- La Secretar\u00eda de Educaci\u00f3n de Veracruz (SEV)<\/p>\n\n\n\n<p>realiz\u00f3 el Lunes C\u00edvico en el Colegio Preparatorio de Xalapa, donde destac\u00f3 el papel de las<\/p>\n\n\n\n<p>y los j\u00f3venes como promotores de la cultura de paz, el respeto y el di\u00e1logo dentro de la<\/p>\n\n\n\n<p>comunidad escolar.<\/p>\n\n\n\n<p>Ante estudiantes y docentes del turno matutino, encabezados por el director Eduardo<\/p>\n\n\n\n<p>Garc\u00eda Ortiz, la secretaria Claudia Tello Espinosa exhort\u00f3 al alumnado a aprovechar las<\/p>\n\n\n\n<p>oportunidades de estudio y a contribuir a la construcci\u00f3n de entornos de convivencia<\/p>\n\n\n\n<p>pac\u00edfica.<\/p>\n\n\n\n<p>Durante el acto c\u00edvico se subray\u00f3 que la educaci\u00f3n representa una herramienta<\/p>\n\n\n\n<p>fundamental en un momento en el que la presidenta de M\u00e9xico, Claudia Sheinbaum<\/p>\n\n\n\n<p>Pardo, y la gobernadora de Veracruz, Roc\u00edo Nahle Garc\u00eda, impulsan acciones para ampliar<\/p>\n\n\n\n<p>las oportunidades educativas.<\/p>\n\n\n\n<p>En este contexto, el Gobierno del Estado mejora las condiciones de aprendizaje mediante<\/p>\n\n\n\n<p>la dotaci\u00f3n de pantallas para telesecundarias, mobiliario y materiales de mantenimiento<\/p>\n\n\n\n<p>para escuelas p\u00fablicas del nivel b\u00e1sico.Asimismo, se destac\u00f3 la participaci\u00f3n de madres y padres de familia en la operaci\u00f3n de<\/p>\n\n\n\n<p>las cooperativas escolares, con el prop\u00f3sito de contribuir a la alimentaci\u00f3n de la<\/p>\n\n\n\n<p>comunidad estudiantil y generar recursos para el beneficio de los planteles.<\/p>\n","protected":false},"excerpt":{"rendered":"<p>Ausencio Rivera \/Vocesver.. com\/noticias&nbsp; Xalapa, Ver., lunes 09 de marzo de 2026.- La Secretar\u00eda de Educaci\u00f3n de Veracruz (SEV) realiz\u00f3<\/p>\n","protected":false},"author":2,"featured_media":48099,"comment_status":"open","ping_status":"open","sticky":false,"template":"","format":"standard","meta":{"colormag_page_container_layout":"default_layout","colormag_page_sidebar_layout":"default_layout","footnotes":""},"categories":[2],"tags":[],"class_list":["post-48098","post","type-post","status-publish","format-standard","has-post-thumbnail","hentry","category-infogral"],"_links":{"self":[{"href":"http:\/\/vocesver.com\/noticias\/wp-json\/wp\/v2\/posts\/48098","targetHints":{"allow":["GET"]}}],"collection":[{"href":"http:\/\/vocesver.com\/noticias\/wp-json\/wp\/v2\/posts"}],"about":[{"href":"http:\/\/vocesver.com\/noticias\/wp-json\/wp\/v2\/types\/post"}],"author":[{"embeddable":true,"href":"http:\/\/vocesver.com\/noticias\/wp-json\/wp\/v2\/users\/2"}],"replies":[{"embeddable":true,"href":"http:\/\/vocesver.com\/noticias\/wp-json\/wp\/v2\/comments?post=48098"}],"version-history":[{"count":1,"href":"http:\/\/vocesver.com\/noticias\/wp-json\/wp\/v2\/posts\/48098\/revisions"}],"predecessor-version":[{"id":48100,"href":"http:\/\/vocesver.com\/noticias\/wp-json\/wp\/v2\/posts\/48098\/revisions\/48100"}],"wp:featuredmedia":[{"embeddable":true,"href":"http:\/\/vocesver.com\/noticias\/wp-json\/wp\/v2\/media\/48099"}],"wp:attachment":[{"href":"http:\/\/vocesver.com\/noticias\/wp-json\/wp\/v2\/media?parent=48098"}],"wp:term":[{"taxonomy":"category","embeddable":true,"href":"http:\/\/vocesver.com\/noticias\/wp-json\/wp\/v2\/categories?post=48098"},{"taxonomy":"post_tag","embeddable":true,"href":"http:\/\/vocesver.com\/noticias\/wp-json\/wp\/v2\/tags?post=48098"}],"curies":[{"name":"wp","href":"https:\/\/api.w.org\/{rel}","templated":true}]}}