{"id":48084,"date":"2026-03-09T13:29:02","date_gmt":"2026-03-09T13:29:02","guid":{"rendered":"http:\/\/vocesver.com\/noticias\/?p=48084"},"modified":"2026-03-09T13:30:11","modified_gmt":"2026-03-09T13:30:11","slug":"trabajamos-por-un-veracruz-libre-de-violencia-con-justicia-e-igualdad-para-las-mujeres-rocio-nahle","status":"publish","type":"post","link":"http:\/\/vocesver.com\/noticias\/trabajamos-por-un-veracruz-libre-de-violencia-con-justicia-e-igualdad-para-las-mujeres-rocio-nahle\/","title":{"rendered":"Trabajamos por un Veracruz libre de violencia con justicia e igualdad para las\u00a0mujeres: Roc\u00edo Nahle."},"content":{"rendered":"\n<p><\/p>\n\n\n\n<p><\/p>\n\n\n\n<p>&gt;Junto con la Fiscal\u00eda y ayuntamientos se fortalece programa Veracruzana Protegida.<\/p>\n\n\n\n<p>&gt;Anuncia proyecto de Ley del sistema de \u00f3rdenes de protecci\u00f3n inmediata para las&nbsp;<\/p>\n\n\n\n<p>mujeres.<\/p>\n\n\n\n<p><\/p>\n\n\n\n<p><\/p>\n\n\n\n<p>REDACCON\/VOCESVER.COM\/NOTICIAS<\/p>\n\n\n\n<p>Veracruz, Ver. A 8 de Marzo 2026.&nbsp;<\/p>\n\n\n\n<p>Veracruz, Ver., domingo 08 de marzo de 2026.- En el marco de la conmemoraci\u00f3n&nbsp;<\/p>\n\n\n\n<p>por el D\u00eda Internacional de la Mujer, la gobernadora Roc\u00edo Nahle Garc\u00eda refrend\u00f3 que&nbsp;<\/p>\n\n\n\n<p>con la atenci\u00f3n a m\u00e1s de 2 mil 400 mujeres, el programa Veracruzana Protegida se&nbsp;<\/p>\n\n\n\n<p>consolida en el estado.&nbsp;<\/p>\n\n\n\n<p>En el acto celebrado en el Teatro de la Reforma, la mandataria destac\u00f3 la relevancia del&nbsp;<\/p>\n\n\n\n<p>programa que de forma coordinada se implement\u00f3 hace un a\u00f1o con la Fiscal\u00eda General&nbsp;<\/p>\n\n\n\n<p>del Estado.<\/p>\n\n\n\n<p>&nbsp;\u00abLo iniciamos hace justamente un a\u00f1o y a la fecha hemos tenido 2 mil 482 solicitudes.&nbsp;<\/p>\n\n\n\n<p>Mujeres valientes que han tenido la fortaleza de pedir ayuda, de pedir apoyo y esto es&nbsp;<\/p>\n\n\n\n<p>prevenci\u00f3n para el feminicidio y estas \u00f3rdenes se han concedido en forma inmediata por&nbsp;<\/p>\n\n\n\n<p>un juez o juez en l\u00ednea y en menos de 10 o 15 minutos, despu\u00e9s de solicitar la&nbsp;<\/p>\n\n\n\n<p>protecci\u00f3n, una patrulla est\u00e1 en el sitio o en el domicilio de quienEn ese sentido, la Gobernadora destac\u00f3 que actualmente se tienen 31 espacios de&nbsp;<\/p>\n\n\n\n<p>Refugio integral que brindan protecci\u00f3n a las mujeres v\u00edctimas de alg\u00fan tipo de&nbsp;<\/p>\n\n\n\n<p>violencia e inform\u00f3 que para este a\u00f1o se construir\u00e1n 17 m\u00e1s, para sumar 48 centros.<\/p>\n\n\n\n<p>Anunci\u00f3 que impulsar\u00e1 un proyecto de Ley del sistema de \u00f3rdenes de protecci\u00f3n&nbsp;<\/p>\n\n\n\n<p>inmediata para las mujeres en el es e hace ley como mecanismo&nbsp;<\/p>\n\n\n\n<p>interinstitucional permanente para solicitar, emitir, ejecutar y seguir las \u00f3rdenes de&nbsp;<\/p>\n\n\n\n<p>protecci\u00f3n para mujeres, adolescentes y ni\u00f1as, para promover y regular el uso de la&nbsp;<\/p>\n\n\n\n<p>plataforma digital Veracruzana Protegida, como un medio institucional oficial.<\/p>\n\n\n\n<p>La gobernadora Roc\u00edo Nahle sign\u00f3 un convenio de colaboraci\u00f3n con las alcaldesas de&nbsp;<\/p>\n\n\n\n<p>Xalapa, Daniela Guadalupe Griego Ceballos; Poza Rica, Janeth Adanely Rodr\u00edguez&nbsp;<\/p>\n\n\n\n<p>Rodr\u00edguez; Chicontepec, Aristea Fern\u00e1ndez de la Cruz; Zozocolco de Hidalgo, Taggassy&nbsp;<\/p>\n\n\n\n<p>Garc\u00eda Lobato; y San Juan Evangelista, Elo\u00edsa Zetina G\u00f3mez.&nbsp;<\/p>\n\n\n\n<p>Por su parte, la titular de la Fiscal\u00eda General del Estado, Lisbeth Aurelia Jim\u00e9nez Aguirre&nbsp;<\/p>\n\n\n\n<p>explic\u00f3 que al adherirse a este instrumento las autoridades locales asumen el&nbsp;<\/p>\n\n\n\n<p>compromiso de garantizar la ejecuci\u00f3n expedita de las \u00f3rdenes de protecci\u00f3n, a trav\u00e9s de&nbsp;<\/p>\n\n\n\n<p>sus Polic\u00edas Municipales como autoridad ejecutora primaria en su territorio.<\/p>\n\n\n\n<p>Record\u00f3 que se trata de un programa que funciona los 365 d\u00edas del a\u00f1o, y que la primera&nbsp;<\/p>\n\n\n\n<p>orden de protecci\u00f3n se emiti\u00f3 en municipios de la zona norte del estado. \u00abQuiero&nbsp;<\/p>\n\n\n\n<p>expresar un reconocimiento sincero a las juezas y jueces que han asumido con&nbsp;<\/p>\n\n\n\n<p>sensibilidad y responsabilidad la emisi\u00f3n de estas \u00f3rdenes, entendiendo que detr\u00e1s de&nbsp;<\/p>\n\n\n\n<p>cada solicitud hay miedo, urgencia y una vida que necesita protecci\u00f3n inmediata\u00bb.Los Ayuntamientos tambi\u00e9n deber\u00e1n gestionar la participaci\u00f3n activa de sus DIF&nbsp;<\/p>\n\n\n\n<p>Municipales y de los Institutos Municipales de las Mujeres, para fortalecer el&nbsp;<\/p>\n\n\n\n<p>acompa\u00f1amiento integral de las v\u00edctimas.<\/p>\n\n\n\n<p>Asimismo, la presidenta municipal de Veracruz, Rosa Mar\u00eda Hern\u00e1ndez Espejo expres\u00f3<\/p>\n\n\n\n<p>que se trata de una lucha de las mujeres por la igualdad y la justicia, y agreg\u00f3 que en los&nbsp;<\/p>\n\n\n\n<p>gobiernos de la Cuarta Transformaci\u00f3n, a trav\u00e9s de nuestro proyecto de naci\u00f3n se ha&nbsp;<\/p>\n\n\n\n<p>buscado garantizar derechos, porque cuando falta alguno de ellos las m\u00e1s perjudicadas&nbsp;<\/p>\n\n\n\n<p>somos las mujeres\u00bb.<\/p>\n\n\n\n<p><\/p>\n","protected":false},"excerpt":{"rendered":"<p>&gt;Junto con la Fiscal\u00eda y ayuntamientos se fortalece programa Veracruzana Protegida. &gt;Anuncia proyecto de Ley del sistema de \u00f3rdenes de<\/p>\n","protected":false},"author":2,"featured_media":48086,"comment_status":"open","ping_status":"open","sticky":false,"template":"","format":"standard","meta":{"colormag_page_container_layout":"default_layout","colormag_page_sidebar_layout":"default_layout","footnotes":""},"categories":[2],"tags":[],"class_list":["post-48084","post","type-post","status-publish","format-standard","has-post-thumbnail","hentry","category-infogral"],"_links":{"self":[{"href":"http:\/\/vocesver.com\/noticias\/wp-json\/wp\/v2\/posts\/48084","targetHints":{"allow":["GET"]}}],"collection":[{"href":"http:\/\/vocesver.com\/noticias\/wp-json\/wp\/v2\/posts"}],"about":[{"href":"http:\/\/vocesver.com\/noticias\/wp-json\/wp\/v2\/types\/post"}],"author":[{"embeddable":true,"href":"http:\/\/vocesver.com\/noticias\/wp-json\/wp\/v2\/users\/2"}],"replies":[{"embeddable":true,"href":"http:\/\/vocesver.com\/noticias\/wp-json\/wp\/v2\/comments?post=48084"}],"version-history":[{"count":1,"href":"http:\/\/vocesver.com\/noticias\/wp-json\/wp\/v2\/posts\/48084\/revisions"}],"predecessor-version":[{"id":48087,"href":"http:\/\/vocesver.com\/noticias\/wp-json\/wp\/v2\/posts\/48084\/revisions\/48087"}],"wp:featuredmedia":[{"embeddable":true,"href":"http:\/\/vocesver.com\/noticias\/wp-json\/wp\/v2\/media\/48086"}],"wp:attachment":[{"href":"http:\/\/vocesver.com\/noticias\/wp-json\/wp\/v2\/media?parent=48084"}],"wp:term":[{"taxonomy":"category","embeddable":true,"href":"http:\/\/vocesver.com\/noticias\/wp-json\/wp\/v2\/categories?post=48084"},{"taxonomy":"post_tag","embeddable":true,"href":"http:\/\/vocesver.com\/noticias\/wp-json\/wp\/v2\/tags?post=48084"}],"curies":[{"name":"wp","href":"https:\/\/api.w.org\/{rel}","templated":true}]}}