{"id":47505,"date":"2026-01-29T12:53:22","date_gmt":"2026-01-29T12:53:22","guid":{"rendered":"http:\/\/vocesver.com\/noticias\/?p=47505"},"modified":"2026-01-29T12:53:50","modified_gmt":"2026-01-29T12:53:50","slug":"sin-exhibir-ningun-tipo-de-autorizacion-transportistas-aumentaron-el-pasaje","status":"publish","type":"post","link":"http:\/\/vocesver.com\/noticias\/sin-exhibir-ningun-tipo-de-autorizacion-transportistas-aumentaron-el-pasaje\/","title":{"rendered":"Sin exhibir ning\u00fan tipo de autorizaci\u00f3n, transportistas aumentaron el pasaje"},"content":{"rendered":"\n<p>en Veracruz.&nbsp;<\/p>\n\n\n\n<p>**Est\u00e1n cobrando 12 pesos como tarifa \u00fanica.**&nbsp;<\/p>\n\n\n\n<p>**No respetan descuento de estudiantes, ni personas se la tercera edad**<\/p>\n\n\n\n<p>**Usuarios inconformes, es una arbitrariedad:Aseguraron.\u00a0<\/p>\n\n\n\n<p>Ausencio Rivera \/Vocesver. com\/noticias<\/p>\n\n\n\n<p>Veracruz, Ver.. A 28 de Enero 2026.. Sin mostrar ninguna autorizaci\u00f3n legal o documento de la Direcci\u00f3n de Transporte P\u00fablico del Gobierno del Estado, Transportistas de la zona norte de la ciudad de Veracruz y la zona onurbada comenzaron a cobrar desde hoy(28 de Enero) doce pesos a usuarios quienes como era de esperarse se inconformaron por no mostrar una autorizaci\u00f3n legal y oficial. . En las Unidades solo aparece pegada una hoja que dice tarifa \u00fanica 12 pesos a partir de hoy&#8230; Adem\u00e1s de golpear econ\u00f3micamente a un gran n\u00famero de usuarios que utilizan los camiones para realizar sus actividades cotidianas, los Transportistas \u00a0no est\u00e1n aceptando los descuentos de estudiantes y personas de la tercera edad, lo que se considera la peor de las arbitrariedades. Tras el abuso descarado y en un acto de rebeld\u00eda en contra del Gobierno de la 4 T un gran n\u00famero de choferes del servicio urbano estuvieron cobrando durante todo el d\u00eda la tarifa \u00fanica sin importarles el da\u00f1o severo que ocasionaron en la econom\u00eda del pueblo porte\u00f1o. Cabe mencionar que las autoridades locales del transporte p\u00fablico solaparon estos actos abusivo demostrando con ello que estaban de acuerdo con estas arbitrariedades&#8230;<\/p>\n\n\n\n<p><\/p>\n","protected":false},"excerpt":{"rendered":"<p>en Veracruz.&nbsp; **Est\u00e1n cobrando 12 pesos como tarifa \u00fanica.**&nbsp; **No respetan descuento de estudiantes, ni personas se la tercera edad**<\/p>\n","protected":false},"author":2,"featured_media":47506,"comment_status":"open","ping_status":"open","sticky":false,"template":"","format":"standard","meta":{"colormag_page_container_layout":"default_layout","colormag_page_sidebar_layout":"default_layout","footnotes":""},"categories":[2],"tags":[],"class_list":["post-47505","post","type-post","status-publish","format-standard","has-post-thumbnail","hentry","category-infogral"],"_links":{"self":[{"href":"http:\/\/vocesver.com\/noticias\/wp-json\/wp\/v2\/posts\/47505","targetHints":{"allow":["GET"]}}],"collection":[{"href":"http:\/\/vocesver.com\/noticias\/wp-json\/wp\/v2\/posts"}],"about":[{"href":"http:\/\/vocesver.com\/noticias\/wp-json\/wp\/v2\/types\/post"}],"author":[{"embeddable":true,"href":"http:\/\/vocesver.com\/noticias\/wp-json\/wp\/v2\/users\/2"}],"replies":[{"embeddable":true,"href":"http:\/\/vocesver.com\/noticias\/wp-json\/wp\/v2\/comments?post=47505"}],"version-history":[{"count":2,"href":"http:\/\/vocesver.com\/noticias\/wp-json\/wp\/v2\/posts\/47505\/revisions"}],"predecessor-version":[{"id":47508,"href":"http:\/\/vocesver.com\/noticias\/wp-json\/wp\/v2\/posts\/47505\/revisions\/47508"}],"wp:featuredmedia":[{"embeddable":true,"href":"http:\/\/vocesver.com\/noticias\/wp-json\/wp\/v2\/media\/47506"}],"wp:attachment":[{"href":"http:\/\/vocesver.com\/noticias\/wp-json\/wp\/v2\/media?parent=47505"}],"wp:term":[{"taxonomy":"category","embeddable":true,"href":"http:\/\/vocesver.com\/noticias\/wp-json\/wp\/v2\/categories?post=47505"},{"taxonomy":"post_tag","embeddable":true,"href":"http:\/\/vocesver.com\/noticias\/wp-json\/wp\/v2\/tags?post=47505"}],"curies":[{"name":"wp","href":"https:\/\/api.w.org\/{rel}","templated":true}]}}