{"id":47502,"date":"2026-01-28T23:33:01","date_gmt":"2026-01-28T23:33:01","guid":{"rendered":"http:\/\/vocesver.com\/noticias\/?p=47502"},"modified":"2026-01-28T23:33:13","modified_gmt":"2026-01-28T23:33:13","slug":"fortalece-h-ayuntamiento-de-veracruz-la-cultura-civica-y-el-respeto-a-los-valores-universales","status":"publish","type":"post","link":"http:\/\/vocesver.com\/noticias\/fortalece-h-ayuntamiento-de-veracruz-la-cultura-civica-y-el-respeto-a-los-valores-universales\/","title":{"rendered":"Fortalece H. Ayuntamiento de Veracruz la cultura c\u00edvica y el respeto a los valores universales."},"content":{"rendered":"\n<p><\/p>\n\n\n\n<p><\/p>\n\n\n\n<p><\/p>\n\n\n\n<p>***Asiste alcaldesa de Veracruz a homenaje por el CLXXIII aniversario del natalicio del pr\u00f3cer Jos\u00e9 Mart\u00ed en secundaria de la colonia L\u00f3pez Mateos<\/p>\n\n\n\n<p><\/p>\n\n\n\n<p>AUAENCIO RIVERA|VOCESVER.COM|NOTICIAS<\/p>\n\n\n\n<p>Veracruz,Ver. a 28 de enero 2026 Con el objetivo de fortalecer la cultura c\u00edvica y los valores universales, y reconocer a los h\u00e9roes que han marcado la historia mundial, el H. Ayuntamiento de Veracruz rindi\u00f3 homenaje al pr\u00f3cer cubano Jos\u00e9 Mart\u00ed en la Escuela Secundaria General del mismo nombre, en la colonia Adolfo L\u00f3pez Mateos, con una ceremonia c\u00edvica y colocaci\u00f3n de ofrenda floral.<\/p>\n\n\n\n<p>El acto se realiz\u00f3 en el marco del CLXXIII aniversario del natalicio del libertador, como reconocimiento a su legado en defensa de la libertad, la justicia y la educaci\u00f3n, valores universales que inspiran a las nuevas generaciones y fortalecen la formaci\u00f3n c\u00edvica y \u00e9tica en la comunidad escolar.<\/p>\n\n\n\n<p>La presidenta municipal de Veracruz, Rosa Mar\u00eda Hern\u00e1ndez Espejo, resalt\u00f3 la importancia de mantener vivos los valores que nos unen como sociedad y destac\u00f3 que el legado de Mart\u00ed, promotor de libertad, justicia y compromiso social, trasciende fronteras y sigue siendo ejemplo para los j\u00f3venes.<\/p>\n\n\n\n<p>Durante el evento, al que asistieron autoridades escolares, personal docente, estudiantes, padres de familia, as\u00ed como la C\u00f3nsul de Cuba en Veracruz, Elisa Mart\u00ednez Mart\u00ednez, se realizaron actos culturales y c\u00edvicos, incluyendo bailes y presentaciones que reflejaron la riqueza de nuestra cultura y el esp\u00edritu del homenaje a Mart\u00ed.<\/p>\n\n\n\n<p>Con estas actividades, se reafirma el compromiso con la formaci\u00f3n c\u00edvica de las y los j\u00f3venes, la preservaci\u00f3n de la historia y la promoci\u00f3n de los valores que fortalecen la cohesi\u00f3n social en el municipio.<\/p>\n","protected":false},"excerpt":{"rendered":"<p>***Asiste alcaldesa de Veracruz a homenaje por el CLXXIII aniversario del natalicio del pr\u00f3cer Jos\u00e9 Mart\u00ed en secundaria de la<\/p>\n","protected":false},"author":2,"featured_media":47503,"comment_status":"open","ping_status":"open","sticky":false,"template":"","format":"standard","meta":{"colormag_page_container_layout":"default_layout","colormag_page_sidebar_layout":"default_layout","footnotes":""},"categories":[2],"tags":[],"class_list":["post-47502","post","type-post","status-publish","format-standard","has-post-thumbnail","hentry","category-infogral"],"_links":{"self":[{"href":"http:\/\/vocesver.com\/noticias\/wp-json\/wp\/v2\/posts\/47502","targetHints":{"allow":["GET"]}}],"collection":[{"href":"http:\/\/vocesver.com\/noticias\/wp-json\/wp\/v2\/posts"}],"about":[{"href":"http:\/\/vocesver.com\/noticias\/wp-json\/wp\/v2\/types\/post"}],"author":[{"embeddable":true,"href":"http:\/\/vocesver.com\/noticias\/wp-json\/wp\/v2\/users\/2"}],"replies":[{"embeddable":true,"href":"http:\/\/vocesver.com\/noticias\/wp-json\/wp\/v2\/comments?post=47502"}],"version-history":[{"count":1,"href":"http:\/\/vocesver.com\/noticias\/wp-json\/wp\/v2\/posts\/47502\/revisions"}],"predecessor-version":[{"id":47504,"href":"http:\/\/vocesver.com\/noticias\/wp-json\/wp\/v2\/posts\/47502\/revisions\/47504"}],"wp:featuredmedia":[{"embeddable":true,"href":"http:\/\/vocesver.com\/noticias\/wp-json\/wp\/v2\/media\/47503"}],"wp:attachment":[{"href":"http:\/\/vocesver.com\/noticias\/wp-json\/wp\/v2\/media?parent=47502"}],"wp:term":[{"taxonomy":"category","embeddable":true,"href":"http:\/\/vocesver.com\/noticias\/wp-json\/wp\/v2\/categories?post=47502"},{"taxonomy":"post_tag","embeddable":true,"href":"http:\/\/vocesver.com\/noticias\/wp-json\/wp\/v2\/tags?post=47502"}],"curies":[{"name":"wp","href":"https:\/\/api.w.org\/{rel}","templated":true}]}}