{"id":47497,"date":"2026-01-23T23:30:23","date_gmt":"2026-01-23T23:30:23","guid":{"rendered":"http:\/\/vocesver.com\/noticias\/?p=47497"},"modified":"2026-01-23T23:30:36","modified_gmt":"2026-01-23T23:30:36","slug":"presidenta-reconoce-a-veracruz-como-motor-de-la-promocion-turistica-nacional","status":"publish","type":"post","link":"http:\/\/vocesver.com\/noticias\/presidenta-reconoce-a-veracruz-como-motor-de-la-promocion-turistica-nacional\/","title":{"rendered":"Presidenta reconoce a Veracruz como motor de la promoci\u00f3n tur\u00edstica nacional"},"content":{"rendered":"<br \/>>Participaci\u00f3n en FITUR impuls\u00f3 el crecimiento tur\u00edstico y la conectividad a\u00e9rea.<br \/><br \/>Ausencio Rivera \/Vocesver. com\/noticias <br \/>Veracruz, Ver., viernes 23 de enero de 2026.\u2013 Durante la Conferencia del Pueblo, la <br \/>presidenta de M\u00e9xico, Claudia Sheinbaum Pardo, subray\u00f3 el trabajo de <br \/>posicionamiento del Gobierno de Veracruz, al destacar que la estrategia impulsada <br \/>por la gobernadora Roc\u00edo Nahle Garc\u00eda ha contribuido a proyectar la riqueza cultural <br \/>del pa\u00eds en foros internacionales.<br \/>\u201cDe ah\u00ed tomamos M\u00e9xico est\u00e1 de moda, porque ella inici\u00f3 con Veracruz est\u00e1 de <br \/>moda\u201d, expres\u00f3 al referirse al origen de la narrativa que hoy impulsa la proyecci\u00f3n <br \/>tur\u00edstica nacional, con el objetivo de posicionar a M\u00e9xico, del sexto al quinto lugar, <br \/>entre los pa\u00edses m\u00e1s visitados del mundo durante el sexenio.<br \/>En este marco, la Gobernadora inform\u00f3 que la entidad participa en la Feria <br \/>Internacional de Turismo (FITUR), del 21 al 25 de enero, con una muestra <br \/>representativa de su identidad, a trav\u00e9s de expresiones culturales, tradiciones, <br \/>gastronom\u00eda, caf\u00e9 y experiencias que reflejan la diversidad del estado.<br \/>En la edici\u00f3n 46 del encuentro, las personas titulares de las secretar\u00edas de Turismo <br \/>y Cultura, Igor Roj\u00ed L\u00f3pez y X\u00f3chitl Molina Gonz\u00e1lez, han sostenido m\u00e1s de 20 <br \/>reuniones con turoperadores internacionales, adem\u00e1s de encuentros con aerol\u00edneas <br \/>como Iberia, orientados a fortalecer la conectividad a\u00e9rea y posicionar a la entidad <br \/>como un destino estrat\u00e9gico dentro de los circuitos tur\u00edsticos europeos.Asimismo, record\u00f3 que en la edici\u00f3n anterior se present\u00f3 una propuesta centrada <br \/>en su cultura, historia y vocaci\u00f3n tur\u00edstica, lo que gener\u00f3 resultados concretos, como <br \/>un incremento cercano al 12 por ciento en la afluencia de visitantes, la apertura de <br \/>nuevas rutas a\u00e9reas entre Tijuana y Veracruz, as\u00ed como con el Aeropuerto <br \/>Internacional Felipe \u00c1ngeles.<br \/>La estrategia de promoci\u00f3n tur\u00edstica ha sido constante y sostenida, con presencia <br \/>tambi\u00e9n en el World Travel Market de Londres 2025, donde se alcanzaron acuerdos <br \/>favorables y mayor visibilidad para el estado en el \u00e1mbito internacional.<br \/><br \/><br \/><br \/><br \/><br \/><br \/>","protected":false},"excerpt":{"rendered":"<p>>Participaci\u00f3n en FITUR impuls\u00f3 el crecimiento tur\u00edstico y la conectividad a\u00e9rea. Ausencio Rivera \/Vocesver. com\/noticias Veracruz, Ver., viernes 23 de<\/p>\n","protected":false},"author":2,"featured_media":47501,"comment_status":"open","ping_status":"open","sticky":false,"template":"","format":"standard","meta":{"colormag_page_container_layout":"default_layout","colormag_page_sidebar_layout":"default_layout","footnotes":""},"categories":[2],"tags":[],"class_list":["post-47497","post","type-post","status-publish","format-standard","has-post-thumbnail","hentry","category-infogral"],"_links":{"self":[{"href":"http:\/\/vocesver.com\/noticias\/wp-json\/wp\/v2\/posts\/47497","targetHints":{"allow":["GET"]}}],"collection":[{"href":"http:\/\/vocesver.com\/noticias\/wp-json\/wp\/v2\/posts"}],"about":[{"href":"http:\/\/vocesver.com\/noticias\/wp-json\/wp\/v2\/types\/post"}],"author":[{"embeddable":true,"href":"http:\/\/vocesver.com\/noticias\/wp-json\/wp\/v2\/users\/2"}],"replies":[{"embeddable":true,"href":"http:\/\/vocesver.com\/noticias\/wp-json\/wp\/v2\/comments?post=47497"}],"version-history":[{"count":1,"href":"http:\/\/vocesver.com\/noticias\/wp-json\/wp\/v2\/posts\/47497\/revisions"}],"predecessor-version":[{"id":47499,"href":"http:\/\/vocesver.com\/noticias\/wp-json\/wp\/v2\/posts\/47497\/revisions\/47499"}],"wp:featuredmedia":[{"embeddable":true,"href":"http:\/\/vocesver.com\/noticias\/wp-json\/wp\/v2\/media\/47501"}],"wp:attachment":[{"href":"http:\/\/vocesver.com\/noticias\/wp-json\/wp\/v2\/media?parent=47497"}],"wp:term":[{"taxonomy":"category","embeddable":true,"href":"http:\/\/vocesver.com\/noticias\/wp-json\/wp\/v2\/categories?post=47497"},{"taxonomy":"post_tag","embeddable":true,"href":"http:\/\/vocesver.com\/noticias\/wp-json\/wp\/v2\/tags?post=47497"}],"curies":[{"name":"wp","href":"https:\/\/api.w.org\/{rel}","templated":true}]}}