{"id":47492,"date":"2026-01-23T23:07:43","date_gmt":"2026-01-23T23:07:43","guid":{"rendered":"http:\/\/vocesver.com\/noticias\/?p=47492"},"modified":"2026-01-23T23:07:55","modified_gmt":"2026-01-23T23:07:55","slug":"acordona-proteccion-civil-de-veracruz-zona-de-desprendimiento-en-el-puente-morelos","status":"publish","type":"post","link":"http:\/\/vocesver.com\/noticias\/acordona-proteccion-civil-de-veracruz-zona-de-desprendimiento-en-el-puente-morelos\/","title":{"rendered":"*Acordona Protecci\u00f3n Civil de Veracruz zona de desprendimiento en el Puente Morelos*"},"content":{"rendered":"<br \/>AUSENCIO RIVERA\/VOCESVER.COM\/NOTICIAS<br \/>Veracruz,Ver. a 23 de enero 2026.<br \/>Personal de Protecci\u00f3n Civil municipal y del Honorable Cuerpo de Bomberos de Veracruz, atendieron de manera inmediata un reporte sobre desprendimiento de concreto en la parte inferior del Puente Morelos, ubicado en la intersecci\u00f3n de la calle Su\u00e1rez Peredo con la avenida Morelos Norte.<br \/><br \/>Derivado de informaci\u00f3n difundida por un medio de comunicaci\u00f3n, realizaron una valoraci\u00f3n preventiva ante el posible riesgo para veh\u00edculos y peatones, y como medida de seguridad, la zona fue se\u00f1alizada y restringido el paso.<br \/><br \/>De manera preliminar se inform\u00f3 que se realizar\u00e1 una evaluaci\u00f3n estructural del puente en coordinaci\u00f3n con otras \u00e1reas del Ayuntamiento. Protecci\u00f3n Civil municipal mantendr\u00e1 el monitoreo permanente y exhorta a la poblaci\u00f3n a respetar los se\u00f1alamientos y utilizar rutas alternas.<br \/><br \/><br \/><br \/><br \/>","protected":false},"excerpt":{"rendered":"<p>AUSENCIO RIVERA\/VOCESVER.COM\/NOTICIASVeracruz,Ver. a 23 de enero 2026.Personal de Protecci\u00f3n Civil municipal y del Honorable Cuerpo de Bomberos de Veracruz, atendieron<\/p>\n","protected":false},"author":2,"featured_media":47498,"comment_status":"open","ping_status":"open","sticky":false,"template":"","format":"standard","meta":{"colormag_page_container_layout":"default_layout","colormag_page_sidebar_layout":"default_layout","footnotes":""},"categories":[2],"tags":[],"class_list":["post-47492","post","type-post","status-publish","format-standard","has-post-thumbnail","hentry","category-infogral"],"_links":{"self":[{"href":"http:\/\/vocesver.com\/noticias\/wp-json\/wp\/v2\/posts\/47492","targetHints":{"allow":["GET"]}}],"collection":[{"href":"http:\/\/vocesver.com\/noticias\/wp-json\/wp\/v2\/posts"}],"about":[{"href":"http:\/\/vocesver.com\/noticias\/wp-json\/wp\/v2\/types\/post"}],"author":[{"embeddable":true,"href":"http:\/\/vocesver.com\/noticias\/wp-json\/wp\/v2\/users\/2"}],"replies":[{"embeddable":true,"href":"http:\/\/vocesver.com\/noticias\/wp-json\/wp\/v2\/comments?post=47492"}],"version-history":[{"count":1,"href":"http:\/\/vocesver.com\/noticias\/wp-json\/wp\/v2\/posts\/47492\/revisions"}],"predecessor-version":[{"id":47496,"href":"http:\/\/vocesver.com\/noticias\/wp-json\/wp\/v2\/posts\/47492\/revisions\/47496"}],"wp:featuredmedia":[{"embeddable":true,"href":"http:\/\/vocesver.com\/noticias\/wp-json\/wp\/v2\/media\/47498"}],"wp:attachment":[{"href":"http:\/\/vocesver.com\/noticias\/wp-json\/wp\/v2\/media?parent=47492"}],"wp:term":[{"taxonomy":"category","embeddable":true,"href":"http:\/\/vocesver.com\/noticias\/wp-json\/wp\/v2\/categories?post=47492"},{"taxonomy":"post_tag","embeddable":true,"href":"http:\/\/vocesver.com\/noticias\/wp-json\/wp\/v2\/tags?post=47492"}],"curies":[{"name":"wp","href":"https:\/\/api.w.org\/{rel}","templated":true}]}}