{"id":47483,"date":"2026-01-22T22:52:48","date_gmt":"2026-01-22T22:52:48","guid":{"rendered":"http:\/\/vocesver.com\/noticias\/?p=47483"},"modified":"2026-01-22T23:05:39","modified_gmt":"2026-01-22T23:05:39","slug":"alerta-gris-por-el-frente-frio-probable-no-30-en-la-ciudad-de-veracruz","status":"publish","type":"post","link":"http:\/\/vocesver.com\/noticias\/alerta-gris-por-el-frente-frio-probable-no-30-en-la-ciudad-de-veracruz\/","title":{"rendered":"*Alerta Gris por el Frente Fr\u00edo (probable) No. 30 en la ciudad de Veracruz*"},"content":{"rendered":"\n<p><br>Ausencio Rivera\/vocesver.com\/noticias<br><br>Veracruz,,ver.- a 22 de enero 2026.-La Direcci\u00f3n de Protecci\u00f3n Civil Municipal de Veracruz informa que se activa la Alerta Gris ante el ingreso del Frente Fr\u00edo (probable) No. 30, previsto para este domingo, con descenso de temperatura y viento del norte con rachas de 80 a 95 km\/h, especialmente durante la noche y madrugada. <br><br>Se prev\u00e9 ambiente fresco a fr\u00edo en la ciudad, con rachas de viento que podr\u00edan generar afectaciones al transitar en la v\u00eda p\u00fablica o realizar actividades al aire libre. Se recomienda reducir la exposici\u00f3n al fr\u00edo, vestir ropa adecuada y proteger a ni\u00f1as, ni\u00f1os y personas adultas mayores.<br><br>Adem\u00e1s, se aconseja evitar actividades en el mar, asegurar objetos que puedan ser desplazados por el viento y estar atentos a cualquier cambio en las condiciones meteorol\u00f3gicas.<br><br>En caso de emergencia, comunicarse a: <br><br>&#x1f4de; Atenci\u00f3n lunes a domingo de 8:00 a 18:00 horas:<br> \u2022 229 200 2270<br> \u2022 229 200 2271<br><br>&#x1f4de; Atenci\u00f3n 24 horas:<br> \u2022 229 200 2275<br> \u2022 229 200 2276<br><br>&#x1f6a8; Emergencias:<br> \u2022 911<br><br><br><br><br><br><br><br><br><br><\/p>\n\n\n\n<p><\/p>\n","protected":false},"excerpt":{"rendered":"<p>Ausencio Rivera\/vocesver.com\/noticias Veracruz,,ver.- a 22 de enero 2026.-La Direcci\u00f3n de Protecci\u00f3n Civil Municipal de Veracruz informa que se activa la<\/p>\n","protected":false},"author":2,"featured_media":47487,"comment_status":"open","ping_status":"open","sticky":false,"template":"","format":"standard","meta":{"colormag_page_container_layout":"default_layout","colormag_page_sidebar_layout":"default_layout","footnotes":""},"categories":[2],"tags":[],"class_list":["post-47483","post","type-post","status-publish","format-standard","has-post-thumbnail","hentry","category-infogral"],"_links":{"self":[{"href":"http:\/\/vocesver.com\/noticias\/wp-json\/wp\/v2\/posts\/47483","targetHints":{"allow":["GET"]}}],"collection":[{"href":"http:\/\/vocesver.com\/noticias\/wp-json\/wp\/v2\/posts"}],"about":[{"href":"http:\/\/vocesver.com\/noticias\/wp-json\/wp\/v2\/types\/post"}],"author":[{"embeddable":true,"href":"http:\/\/vocesver.com\/noticias\/wp-json\/wp\/v2\/users\/2"}],"replies":[{"embeddable":true,"href":"http:\/\/vocesver.com\/noticias\/wp-json\/wp\/v2\/comments?post=47483"}],"version-history":[{"count":3,"href":"http:\/\/vocesver.com\/noticias\/wp-json\/wp\/v2\/posts\/47483\/revisions"}],"predecessor-version":[{"id":47490,"href":"http:\/\/vocesver.com\/noticias\/wp-json\/wp\/v2\/posts\/47483\/revisions\/47490"}],"wp:featuredmedia":[{"embeddable":true,"href":"http:\/\/vocesver.com\/noticias\/wp-json\/wp\/v2\/media\/47487"}],"wp:attachment":[{"href":"http:\/\/vocesver.com\/noticias\/wp-json\/wp\/v2\/media?parent=47483"}],"wp:term":[{"taxonomy":"category","embeddable":true,"href":"http:\/\/vocesver.com\/noticias\/wp-json\/wp\/v2\/categories?post=47483"},{"taxonomy":"post_tag","embeddable":true,"href":"http:\/\/vocesver.com\/noticias\/wp-json\/wp\/v2\/tags?post=47483"}],"curies":[{"name":"wp","href":"https:\/\/api.w.org\/{rel}","templated":true}]}}