{"id":47480,"date":"2026-01-22T00:10:37","date_gmt":"2026-01-22T00:10:37","guid":{"rendered":"http:\/\/vocesver.com\/noticias\/?p=47480"},"modified":"2026-01-22T00:10:51","modified_gmt":"2026-01-22T00:10:51","slug":"invita-h-ayuntamiento-de-veracruz-al-jueves-en-tu-colonia","status":"publish","type":"post","link":"http:\/\/vocesver.com\/noticias\/invita-h-ayuntamiento-de-veracruz-al-jueves-en-tu-colonia\/","title":{"rendered":"*Invita H. Ayuntamiento de Veracruz al \u201cJueves en tu Colonia\u201d*"},"content":{"rendered":"<br \/>***El objetivo es mantener un di\u00e1logo abierto y cercano con la ciudadan\u00eda<br \/>AUSENCIO RIVERA\/VOCESVER.COM\/NOTICIAS<br \/>Veracruz,Ver,. a 21 de ENERO 2026.&#8211;Con las jornadas de \u201cJueves en tu Colonia\u201d, que dar\u00e1n inicio esta semana en el Parque Zaragoza, el H. Ayuntamiento de Veracruz reitera el compromiso de mantener la cercan\u00eda y el di\u00e1logo permanente con la ciudadan\u00eda, acercando la atenci\u00f3n directa para rendir cuentas de las acciones destinadas a atender las problem\u00e1ticas de cada zona.<br \/><br \/>La alcaldesa de Veracruz, Rosa Mar\u00eda Hern\u00e1ndez Espejo, refrenda con esta estrategia el inter\u00e9s de su administraci\u00f3n por fortalecer la atenci\u00f3n directa y el contacto cercano con la poblaci\u00f3n. La primera edici\u00f3n se realizar\u00e1 este jueves 22 de enero, en un horario de 16:00 a 19:00 horas.<br \/><br \/>En estas asambleas, que se desarrollar\u00e1n peri\u00f3dicamente en distintos puntos de las colonias y fraccionamientos del municipio, autoridades municipales presentar\u00e1n los resultados de las labores realizadas para dar soluci\u00f3n a las principales quejas vecinales, como un ejercicio de acercamiento entre el gobierno y sus habitantes.<br \/><br \/>En esta ocasi\u00f3n, estar\u00e1n presentes las direcciones de Atenci\u00f3n y Participaci\u00f3n Ciudadana, Tr\u00e1nsito y Vialidad, Obras P\u00fablicas, Alumbrado P\u00fablico, Espacios P\u00fablicos, Bienestar Municipal y la Comandancia de Polic\u00eda.","protected":false},"excerpt":{"rendered":"<p>***El objetivo es mantener un di\u00e1logo abierto y cercano con la ciudadan\u00edaAUSENCIO RIVERA\/VOCESVER.COM\/NOTICIASVeracruz,Ver,. a 21 de ENERO 2026.&#8211;Con las jornadas<\/p>\n","protected":false},"author":2,"featured_media":47484,"comment_status":"open","ping_status":"open","sticky":false,"template":"","format":"standard","meta":{"colormag_page_container_layout":"default_layout","colormag_page_sidebar_layout":"default_layout","footnotes":""},"categories":[2],"tags":[],"class_list":["post-47480","post","type-post","status-publish","format-standard","has-post-thumbnail","hentry","category-infogral"],"_links":{"self":[{"href":"http:\/\/vocesver.com\/noticias\/wp-json\/wp\/v2\/posts\/47480","targetHints":{"allow":["GET"]}}],"collection":[{"href":"http:\/\/vocesver.com\/noticias\/wp-json\/wp\/v2\/posts"}],"about":[{"href":"http:\/\/vocesver.com\/noticias\/wp-json\/wp\/v2\/types\/post"}],"author":[{"embeddable":true,"href":"http:\/\/vocesver.com\/noticias\/wp-json\/wp\/v2\/users\/2"}],"replies":[{"embeddable":true,"href":"http:\/\/vocesver.com\/noticias\/wp-json\/wp\/v2\/comments?post=47480"}],"version-history":[{"count":1,"href":"http:\/\/vocesver.com\/noticias\/wp-json\/wp\/v2\/posts\/47480\/revisions"}],"predecessor-version":[{"id":47482,"href":"http:\/\/vocesver.com\/noticias\/wp-json\/wp\/v2\/posts\/47480\/revisions\/47482"}],"wp:featuredmedia":[{"embeddable":true,"href":"http:\/\/vocesver.com\/noticias\/wp-json\/wp\/v2\/media\/47484"}],"wp:attachment":[{"href":"http:\/\/vocesver.com\/noticias\/wp-json\/wp\/v2\/media?parent=47480"}],"wp:term":[{"taxonomy":"category","embeddable":true,"href":"http:\/\/vocesver.com\/noticias\/wp-json\/wp\/v2\/categories?post=47480"},{"taxonomy":"post_tag","embeddable":true,"href":"http:\/\/vocesver.com\/noticias\/wp-json\/wp\/v2\/tags?post=47480"}],"curies":[{"name":"wp","href":"https:\/\/api.w.org\/{rel}","templated":true}]}}