{"id":47476,"date":"2026-01-22T00:02:57","date_gmt":"2026-01-22T00:02:57","guid":{"rendered":"http:\/\/vocesver.com\/noticias\/?p=47476"},"modified":"2026-01-22T00:03:13","modified_gmt":"2026-01-22T00:03:13","slug":"amplian-plazo-para-ingresar-al-padron-de-graderos-del-carnaval-de-veracruz","status":"publish","type":"post","link":"http:\/\/vocesver.com\/noticias\/amplian-plazo-para-ingresar-al-padron-de-graderos-del-carnaval-de-veracruz\/","title":{"rendered":"Ampl\u00edan plazo para ingresar al padr\u00f3n de graderos  del Carnaval de Veracruz"},"content":{"rendered":"<br \/>Ausencio Rivera \/Vocesver. com\/noticias <br \/>Veracruz, Ver., 21 de enero de 2026.\u2013 Ante la gran respuesta de las personas dedicadas a la venta de gradas interesadas en formar parte del padr\u00f3n que integra la Direcci\u00f3n de Turismo y Carnaval, se determin\u00f3 ampliar el plazo para la recepci\u00f3n de documentos hasta este viernes 23 de enero.<br \/><br \/>El director de Turismo y Carnaval, Daniel Mart\u00edn Lois, record\u00f3 que inicialmente se hab\u00eda establecido como fecha l\u00edmite este mi\u00e9rcoles; sin embargo, debido a la alta participaci\u00f3n registrada, se decidi\u00f3 extender el periodo de inscripci\u00f3n al padr\u00f3n de graderos del Carnaval de Veracruz.<br \/><br \/>\u201cHemos tenido una gran respuesta; hasta el momento ya son 400 las personas empadronadas. Por tal motivo, decidimos ampliar el plazo para que quienes se han dedicado a la venta de gradas sean incorporados al censo que realiza la Direcci\u00f3n de Turismo y Carnaval\u201d, coment\u00f3.<br \/><br \/>Para su registro, las personas interesadas deber\u00e1n presentar la siguiente documentaci\u00f3n:<br \/><br \/>1.Credencial para votar vigente.<br \/>2.Comprobante de domicilio.<br \/>3.Comprobante que acredite la actividad.<br \/><br \/>La direcci\u00f3n de Turismo y Carnaval mantiene el inter\u00e9s de conducirse con transparencia para la asignaci\u00f3n de gradas a las personas que durante varios a\u00f1os se han dedicado a esta actividad y, en caso de quedar espacios disponibles, favorecer a las personas que est\u00e1n interesadas en participar por primera vez.<br \/><br \/><br \/><br \/><br \/><br \/><br \/><br \/><br \/>","protected":false},"excerpt":{"rendered":"<p>Ausencio Rivera \/Vocesver. com\/noticias Veracruz, Ver., 21 de enero de 2026.\u2013 Ante la gran respuesta de las personas dedicadas a<\/p>\n","protected":false},"author":2,"featured_media":47481,"comment_status":"open","ping_status":"open","sticky":false,"template":"","format":"standard","meta":{"colormag_page_container_layout":"default_layout","colormag_page_sidebar_layout":"default_layout","footnotes":""},"categories":[2],"tags":[],"class_list":["post-47476","post","type-post","status-publish","format-standard","has-post-thumbnail","hentry","category-infogral"],"_links":{"self":[{"href":"http:\/\/vocesver.com\/noticias\/wp-json\/wp\/v2\/posts\/47476","targetHints":{"allow":["GET"]}}],"collection":[{"href":"http:\/\/vocesver.com\/noticias\/wp-json\/wp\/v2\/posts"}],"about":[{"href":"http:\/\/vocesver.com\/noticias\/wp-json\/wp\/v2\/types\/post"}],"author":[{"embeddable":true,"href":"http:\/\/vocesver.com\/noticias\/wp-json\/wp\/v2\/users\/2"}],"replies":[{"embeddable":true,"href":"http:\/\/vocesver.com\/noticias\/wp-json\/wp\/v2\/comments?post=47476"}],"version-history":[{"count":1,"href":"http:\/\/vocesver.com\/noticias\/wp-json\/wp\/v2\/posts\/47476\/revisions"}],"predecessor-version":[{"id":47479,"href":"http:\/\/vocesver.com\/noticias\/wp-json\/wp\/v2\/posts\/47476\/revisions\/47479"}],"wp:featuredmedia":[{"embeddable":true,"href":"http:\/\/vocesver.com\/noticias\/wp-json\/wp\/v2\/media\/47481"}],"wp:attachment":[{"href":"http:\/\/vocesver.com\/noticias\/wp-json\/wp\/v2\/media?parent=47476"}],"wp:term":[{"taxonomy":"category","embeddable":true,"href":"http:\/\/vocesver.com\/noticias\/wp-json\/wp\/v2\/categories?post=47476"},{"taxonomy":"post_tag","embeddable":true,"href":"http:\/\/vocesver.com\/noticias\/wp-json\/wp\/v2\/tags?post=47476"}],"curies":[{"name":"wp","href":"https:\/\/api.w.org\/{rel}","templated":true}]}}