{"id":47267,"date":"2025-11-28T21:06:09","date_gmt":"2025-11-28T21:06:09","guid":{"rendered":"http:\/\/vocesver.com\/noticias\/?p=47267"},"modified":"2025-11-28T21:15:10","modified_gmt":"2025-11-28T21:15:10","slug":"lluvias-generan-caos-en-la-ciudad-de-veracruz","status":"publish","type":"post","link":"http:\/\/vocesver.com\/noticias\/lluvias-generan-caos-en-la-ciudad-de-veracruz\/","title":{"rendered":"Lluvias generan caos en la Ciudad de Veracruz."},"content":{"rendered":"\n<p><br><br>**El mal tiempo persiste**<br><br>Ausencio Rivera\/Vocesver. com\/noticias<br><br>Veracruz, Ver. A 28 de Noviembre de 2025.. Un caos gener\u00f3 la lluvia que cae desde esta madrugada en el Puerto Veracruz.La intensa lluvia ocasion\u00f3 grandes encharcamientos en calles c\u00e9ntrica como la Hidalgo y Canal y otras cercanas a los Mercados de la  Ciudad. Fue tanta la lluvia que cay\u00f3 que mucha gente tuvo que sacar los paraguas y sombrillas para poder llegar a sus destinos. En otros casos a la gente no le qued\u00f3 otra alternativa que meterse al agua con todo y zapatos para poder cruzar de un lado a otro. En estos momentos el mal tiempo persiste..<\/p>\n\n\n\n<p>Cabe mencionar que la millonaria obra del Centro Hist\u00f3rico de la Ciudad de Veracruz no funcion\u00f3 porque se registraron grandes anegamientos en calles c\u00e9ntricas. Algunos ciudadanos comentaron que eso es resultado de la mala planeaci\u00f3n y el hacer todo al vapor,<br><\/p>\n","protected":false},"excerpt":{"rendered":"<p>**El mal tiempo persiste** Ausencio Rivera\/Vocesver. com\/noticias Veracruz, Ver. A 28 de Noviembre de 2025.. Un caos gener\u00f3 la lluvia<\/p>\n","protected":false},"author":2,"featured_media":47273,"comment_status":"open","ping_status":"open","sticky":false,"template":"","format":"standard","meta":{"colormag_page_container_layout":"default_layout","colormag_page_sidebar_layout":"default_layout","footnotes":""},"categories":[2],"tags":[],"class_list":["post-47267","post","type-post","status-publish","format-standard","has-post-thumbnail","hentry","category-infogral"],"_links":{"self":[{"href":"http:\/\/vocesver.com\/noticias\/wp-json\/wp\/v2\/posts\/47267","targetHints":{"allow":["GET"]}}],"collection":[{"href":"http:\/\/vocesver.com\/noticias\/wp-json\/wp\/v2\/posts"}],"about":[{"href":"http:\/\/vocesver.com\/noticias\/wp-json\/wp\/v2\/types\/post"}],"author":[{"embeddable":true,"href":"http:\/\/vocesver.com\/noticias\/wp-json\/wp\/v2\/users\/2"}],"replies":[{"embeddable":true,"href":"http:\/\/vocesver.com\/noticias\/wp-json\/wp\/v2\/comments?post=47267"}],"version-history":[{"count":3,"href":"http:\/\/vocesver.com\/noticias\/wp-json\/wp\/v2\/posts\/47267\/revisions"}],"predecessor-version":[{"id":47272,"href":"http:\/\/vocesver.com\/noticias\/wp-json\/wp\/v2\/posts\/47267\/revisions\/47272"}],"wp:featuredmedia":[{"embeddable":true,"href":"http:\/\/vocesver.com\/noticias\/wp-json\/wp\/v2\/media\/47273"}],"wp:attachment":[{"href":"http:\/\/vocesver.com\/noticias\/wp-json\/wp\/v2\/media?parent=47267"}],"wp:term":[{"taxonomy":"category","embeddable":true,"href":"http:\/\/vocesver.com\/noticias\/wp-json\/wp\/v2\/categories?post=47267"},{"taxonomy":"post_tag","embeddable":true,"href":"http:\/\/vocesver.com\/noticias\/wp-json\/wp\/v2\/tags?post=47267"}],"curies":[{"name":"wp","href":"https:\/\/api.w.org\/{rel}","templated":true}]}}