{"id":47262,"date":"2025-11-27T23:38:43","date_gmt":"2025-11-27T23:38:43","guid":{"rendered":"http:\/\/vocesver.com\/noticias\/?p=47262"},"modified":"2025-11-27T23:39:57","modified_gmt":"2025-11-27T23:39:57","slug":"rocio-nahle-acompana-a-la-presidenta-claudia-sheinbaum-en-reconocimiento-a-las-fuerzas-armadas-y-civiles-por-apoyo-ante-lluvias","status":"publish","type":"post","link":"http:\/\/vocesver.com\/noticias\/rocio-nahle-acompana-a-la-presidenta-claudia-sheinbaum-en-reconocimiento-a-las-fuerzas-armadas-y-civiles-por-apoyo-ante-lluvias\/","title":{"rendered":"Roc\u00edo Nahle acompa\u00f1a a la presidenta Claudia Sheinbaum en reconocimiento a las  Fuerzas Armadas y civiles por apoyo ante lluvias ."},"content":{"rendered":"AUSENCIO RIVERA\/VOCESVER.COM\/NOTICIAS<br \/>Xalapa, Ver., jueves 27 de noviembre de 2025.- La gobernadora Roc\u00edo Nahle Garc\u00eda <br \/>particip\u00f3 en la Ceremonia de reconocimiento al personal que particip\u00f3 en la <br \/>aplicaci\u00f3n del Plan DN-III-E y Plan Marina en Hidalgo, Puebla, Quer\u00e9taro, San Luis <br \/>Potos\u00ed y Veracruz, encabezada por la presidenta Claudia Sheinbaum Pardo en la Base <br \/>A\u00e9rea Militar N\u00famero 1.<br \/>A nombre del pueblo de Veracruz, la Mandataria expres\u00f3 su profundo <br \/>agradecimiento a quienes intervinieron en las labores de auxilio, rescate y <br \/>restablecimiento de servicios esenciales ante la emergencia ocasionada por las <br \/>lluvias extraordinarias de octubre.<br \/>Destac\u00f3 la entrega del personal de las Fuerzas Armadas, as\u00ed como la coordinaci\u00f3n <br \/>del Gobierno de M\u00e9xico y de las dependencias que integran ambos planes de <br \/>protecci\u00f3n civil: \u201cA nombre del pueblo de Veracruz: \u00a1Gracias, gracias, gracias! <br \/>Eternamente agradecidos con la presidenta Claudia Sheinbaum Pardo, con las <br \/>Fuerzas Armadas, con el Gobierno de M\u00e9xico y con todo el pueblo de M\u00e9xico por su<br \/>solidaridad y generosa ayuda\u201d.<br \/>En la ceremonia se resalt\u00f3 el esfuerzo interinstitucional que hizo posible desplegar <br \/>operaciones a\u00e9reas, terrestres y log\u00edsticas para trasladar v\u00edveres, agua, insumos <br \/>m\u00e9dicos y brindar refugio temporal a miles de familias que quedaron <br \/>incomunicadas por los da\u00f1os ocasionados por la lTambi\u00e9n se hizo un reconocimiento puntual al funcionariado de la Secretar\u00eda de <br \/>Bienestar, la Coordinaci\u00f3n Nacional de Protecci\u00f3n Civil, la Comisi\u00f3n Federal de <br \/>Electricidad, Comisi\u00f3n Nacional del Agua y otras que, desde sus \u00e1reas de <br \/>responsabilidad, operaron centros de mando, coordinaron rutas de apoyo, <br \/>garantizaron el suministro de insumos y mantuvieron comunicaci\u00f3n permanente <br \/>con los municipios afectados. <br \/><br \/><br \/><br \/><br \/><br \/><br \/><br \/><br \/>&#8212;","protected":false},"excerpt":{"rendered":"<p>AUSENCIO RIVERA\/VOCESVER.COM\/NOTICIASXalapa, Ver., jueves 27 de noviembre de 2025.- La gobernadora Roc\u00edo Nahle Garc\u00eda particip\u00f3 en la Ceremonia de reconocimiento<\/p>\n","protected":false},"author":2,"featured_media":47268,"comment_status":"open","ping_status":"open","sticky":false,"template":"","format":"standard","meta":{"colormag_page_container_layout":"default_layout","colormag_page_sidebar_layout":"default_layout","footnotes":""},"categories":[2],"tags":[],"class_list":["post-47262","post","type-post","status-publish","format-standard","has-post-thumbnail","hentry","category-infogral"],"_links":{"self":[{"href":"http:\/\/vocesver.com\/noticias\/wp-json\/wp\/v2\/posts\/47262","targetHints":{"allow":["GET"]}}],"collection":[{"href":"http:\/\/vocesver.com\/noticias\/wp-json\/wp\/v2\/posts"}],"about":[{"href":"http:\/\/vocesver.com\/noticias\/wp-json\/wp\/v2\/types\/post"}],"author":[{"embeddable":true,"href":"http:\/\/vocesver.com\/noticias\/wp-json\/wp\/v2\/users\/2"}],"replies":[{"embeddable":true,"href":"http:\/\/vocesver.com\/noticias\/wp-json\/wp\/v2\/comments?post=47262"}],"version-history":[{"count":1,"href":"http:\/\/vocesver.com\/noticias\/wp-json\/wp\/v2\/posts\/47262\/revisions"}],"predecessor-version":[{"id":47266,"href":"http:\/\/vocesver.com\/noticias\/wp-json\/wp\/v2\/posts\/47262\/revisions\/47266"}],"wp:featuredmedia":[{"embeddable":true,"href":"http:\/\/vocesver.com\/noticias\/wp-json\/wp\/v2\/media\/47268"}],"wp:attachment":[{"href":"http:\/\/vocesver.com\/noticias\/wp-json\/wp\/v2\/media?parent=47262"}],"wp:term":[{"taxonomy":"category","embeddable":true,"href":"http:\/\/vocesver.com\/noticias\/wp-json\/wp\/v2\/categories?post=47262"},{"taxonomy":"post_tag","embeddable":true,"href":"http:\/\/vocesver.com\/noticias\/wp-json\/wp\/v2\/tags?post=47262"}],"curies":[{"name":"wp","href":"https:\/\/api.w.org\/{rel}","templated":true}]}}