{"id":47255,"date":"2025-11-27T23:00:54","date_gmt":"2025-11-27T23:00:54","guid":{"rendered":"http:\/\/vocesver.com\/noticias\/?p=47255"},"modified":"2025-11-27T23:02:53","modified_gmt":"2025-11-27T23:02:53","slug":"hoy-se-cumplen-85-anos-de-ese-fatal-hecho","status":"publish","type":"post","link":"http:\/\/vocesver.com\/noticias\/hoy-se-cumplen-85-anos-de-ese-fatal-hecho\/","title":{"rendered":"Hoy se cumplen 85 a\u00f1os  de ese fatal hecho."},"content":{"rendered":"<br \/><br \/>Redacci\u00f3n\/Vocesver.com\/noticias <br \/><br \/>Coatzacoalcos, Ver.. A 27 de Noviembre 2025. <br \/>Amigos marinos y de las efem\u00e9rides.<br \/>Un dia como hoy, 27 de noviembre del a\u00f1o de 1940, desapareci\u00f3 el buque mercante \u00bb GRIJALVA\u00bb, de la Cooperativa de Transportes Mar\u00edtimos y Fluviales SCL cuando se encontraba navegando cargado de Frontera, Tab. a Veracruz, Ver. tripulado con 24 marinos y 32 pasajeros.<br \/>Roll de Tripulantes:<br \/>Cap. Alberto Mel\u00e9ndez Vendrell<br \/>Jefe de Maquinas: Horacio Remes C\u00e1rdenas. <br \/>Nicanor N. Rodriguez.<br \/>Roberto Ram\u00edrez  Moreno<br \/>Oscar Villegas Coaury<br \/>Antonio Acevedo Garc\u00eda<br \/>Luis Campos M\u00e9ndez<br \/>Manuel Oca\u00f1a Pay\u00e1n<br \/>Jos\u00e9 Salazar C\u00e1rdenas<br \/>Manuel Pel\u00e1ez Montiel<br \/>Lorenzo Amador Rodriguez.<br \/>Manuel P\u00e9rez S\u00e1nchez<br \/>Manuel P\u00e9rez S\u00e1nchez .<br \/>Manuel  N. Mart\u00ednez.<br \/>Tomas Cruz N.<br \/>Luis Zerme\u00f1o M\u00e1rquez.<br \/>Candelario Trejo Gourdi\u00e9<br \/>Abraham Mill\u00e1n Bravo.<br \/>Felipe G\u00f3mez Hern\u00e1ndez.<br \/>Eliseo Rodriguez Marin.<br \/>Bernardo Rodriguez Dourell.<br \/>Gregorio Contreras O.<br \/>Felipe Castillo Castro<br \/>Jos\u00e9 Rodriguez P\u00e9rez. <br \/>El Capit\u00e1n Alberto Mel\u00e9nd3z Vendrell, hab\u00eda egresado en 1924 de la Escuela N\u00e1utica de Veracruz.<br \/>Y el Jefe de M\u00e1quinas, abuelo de los Capts. Remes Alvarez.<br \/>Que en paz descansen.<br \/><br \/><br \/><br \/><br \/><br \/>","protected":false},"excerpt":{"rendered":"<p>Redacci\u00f3n\/Vocesver.com\/noticias Coatzacoalcos, Ver.. A 27 de Noviembre 2025. Amigos marinos y de las efem\u00e9rides.Un dia como hoy, 27 de noviembre<\/p>\n","protected":false},"author":2,"featured_media":47260,"comment_status":"open","ping_status":"open","sticky":false,"template":"","format":"standard","meta":{"colormag_page_container_layout":"default_layout","colormag_page_sidebar_layout":"default_layout","footnotes":""},"categories":[2],"tags":[],"class_list":["post-47255","post","type-post","status-publish","format-standard","has-post-thumbnail","hentry","category-infogral"],"_links":{"self":[{"href":"http:\/\/vocesver.com\/noticias\/wp-json\/wp\/v2\/posts\/47255","targetHints":{"allow":["GET"]}}],"collection":[{"href":"http:\/\/vocesver.com\/noticias\/wp-json\/wp\/v2\/posts"}],"about":[{"href":"http:\/\/vocesver.com\/noticias\/wp-json\/wp\/v2\/types\/post"}],"author":[{"embeddable":true,"href":"http:\/\/vocesver.com\/noticias\/wp-json\/wp\/v2\/users\/2"}],"replies":[{"embeddable":true,"href":"http:\/\/vocesver.com\/noticias\/wp-json\/wp\/v2\/comments?post=47255"}],"version-history":[{"count":1,"href":"http:\/\/vocesver.com\/noticias\/wp-json\/wp\/v2\/posts\/47255\/revisions"}],"predecessor-version":[{"id":47258,"href":"http:\/\/vocesver.com\/noticias\/wp-json\/wp\/v2\/posts\/47255\/revisions\/47258"}],"wp:featuredmedia":[{"embeddable":true,"href":"http:\/\/vocesver.com\/noticias\/wp-json\/wp\/v2\/media\/47260"}],"wp:attachment":[{"href":"http:\/\/vocesver.com\/noticias\/wp-json\/wp\/v2\/media?parent=47255"}],"wp:term":[{"taxonomy":"category","embeddable":true,"href":"http:\/\/vocesver.com\/noticias\/wp-json\/wp\/v2\/categories?post=47255"},{"taxonomy":"post_tag","embeddable":true,"href":"http:\/\/vocesver.com\/noticias\/wp-json\/wp\/v2\/tags?post=47255"}],"curies":[{"name":"wp","href":"https:\/\/api.w.org\/{rel}","templated":true}]}}