{"id":47248,"date":"2025-11-26T23:05:04","date_gmt":"2025-11-26T23:05:04","guid":{"rendered":"http:\/\/vocesver.com\/noticias\/?p=47248"},"modified":"2025-11-26T23:07:20","modified_gmt":"2025-11-26T23:07:20","slug":"una-direccion-municipal-de-baches-acabaria-con-este-anejo-problema-en-veracruz","status":"publish","type":"post","link":"http:\/\/vocesver.com\/noticias\/una-direccion-municipal-de-baches-acabaria-con-este-anejo-problema-en-veracruz\/","title":{"rendered":"Una Direcci\u00f3n Municipal de Baches acabar\u00eda con este a\u00f1ejo problema en Veracruz"},"content":{"rendered":"<br \/><br \/>Ausenc Rivera\/Vocesver. com\/noticias<br \/><br \/>Veracruz, Ver. A 26 de Noviembre 2025.. Bastante raz\u00f3n tiene el presidente estatal de la Agrupaci\u00f3n Pol\u00edtica Social Sentimientos de la Naci\u00f3n Evirilio Tamariz Pimentel cuando dice que en el municipio de Veracruz hace falta una Direcci\u00f3n de Baches municipal para que atienda esta problem\u00e1tica que a las actuales autoridades municipales se lle olvid\u00f3 atender. En esa direcci\u00f3n debe de haber personas con experiencia para que sepan qu\u00e9 hacer para resolver esta problem\u00e1tica. Solo basta recorrer las calles de las colonias de Veracruz y del Centro Hist\u00f3rico para ver la existencia de tanto bache que no se han atendido pese alas quejas Ciudadanas.","protected":false},"excerpt":{"rendered":"<p>Ausenc Rivera\/Vocesver. com\/noticias Veracruz, Ver. A 26 de Noviembre 2025.. Bastante raz\u00f3n tiene el presidente estatal de la Agrupaci\u00f3n Pol\u00edtica<\/p>\n","protected":false},"author":2,"featured_media":47252,"comment_status":"open","ping_status":"open","sticky":false,"template":"","format":"standard","meta":{"colormag_page_container_layout":"default_layout","colormag_page_sidebar_layout":"default_layout","footnotes":""},"categories":[2],"tags":[],"class_list":["post-47248","post","type-post","status-publish","format-standard","has-post-thumbnail","hentry","category-infogral"],"_links":{"self":[{"href":"http:\/\/vocesver.com\/noticias\/wp-json\/wp\/v2\/posts\/47248","targetHints":{"allow":["GET"]}}],"collection":[{"href":"http:\/\/vocesver.com\/noticias\/wp-json\/wp\/v2\/posts"}],"about":[{"href":"http:\/\/vocesver.com\/noticias\/wp-json\/wp\/v2\/types\/post"}],"author":[{"embeddable":true,"href":"http:\/\/vocesver.com\/noticias\/wp-json\/wp\/v2\/users\/2"}],"replies":[{"embeddable":true,"href":"http:\/\/vocesver.com\/noticias\/wp-json\/wp\/v2\/comments?post=47248"}],"version-history":[{"count":1,"href":"http:\/\/vocesver.com\/noticias\/wp-json\/wp\/v2\/posts\/47248\/revisions"}],"predecessor-version":[{"id":47250,"href":"http:\/\/vocesver.com\/noticias\/wp-json\/wp\/v2\/posts\/47248\/revisions\/47250"}],"wp:featuredmedia":[{"embeddable":true,"href":"http:\/\/vocesver.com\/noticias\/wp-json\/wp\/v2\/media\/47252"}],"wp:attachment":[{"href":"http:\/\/vocesver.com\/noticias\/wp-json\/wp\/v2\/media?parent=47248"}],"wp:term":[{"taxonomy":"category","embeddable":true,"href":"http:\/\/vocesver.com\/noticias\/wp-json\/wp\/v2\/categories?post=47248"},{"taxonomy":"post_tag","embeddable":true,"href":"http:\/\/vocesver.com\/noticias\/wp-json\/wp\/v2\/tags?post=47248"}],"curies":[{"name":"wp","href":"https:\/\/api.w.org\/{rel}","templated":true}]}}