{"id":47245,"date":"2025-11-26T22:54:40","date_gmt":"2025-11-26T22:54:40","guid":{"rendered":"http:\/\/vocesver.com\/noticias\/?p=47245"},"modified":"2025-11-26T22:56:29","modified_gmt":"2025-11-26T22:56:29","slug":"la-plaza-heroismo-veracruzano-del-malecon-de-veracruz-contara-con-una-cafeteria","status":"publish","type":"post","link":"http:\/\/vocesver.com\/noticias\/la-plaza-heroismo-veracruzano-del-malecon-de-veracruz-contara-con-una-cafeteria\/","title":{"rendered":"La  Plaza Hero\u00edsmo Veracruzano del Malec\u00f3n de  Veracruz contar\u00e1 con una cafeter\u00eda."},"content":{"rendered":"<br \/><br \/>Ausencio Rivera\/Vocesver. com\/noticias<br \/><br \/>Veracruz, Veracruz, Ver.. A 26 de Noviembre 2025.. La  Plaza Hero\u00edsmo Veracruzano que se ubica atr\u00e1s del Mercado de Artesan\u00edas del Puerto de Veracruz adem\u00e1s de contar con una fuente, pr\u00f3ximamente contar\u00e1 con una cafeter\u00eda que en estos momento se construye. Sin duda que esta ser\u00e1 un nuevo atractivo m\u00e1s para los turistas que nos visitan  y una competencia para los tradicionales caf\u00e9s cercanos a este inmueble<br \/>","protected":false},"excerpt":{"rendered":"<p>Ausencio Rivera\/Vocesver. com\/noticias Veracruz, Veracruz, Ver.. A 26 de Noviembre 2025.. La Plaza Hero\u00edsmo Veracruzano que se ubica atr\u00e1s del<\/p>\n","protected":false},"author":2,"featured_media":47249,"comment_status":"open","ping_status":"open","sticky":false,"template":"","format":"standard","meta":{"colormag_page_container_layout":"default_layout","colormag_page_sidebar_layout":"default_layout","footnotes":""},"categories":[2],"tags":[],"class_list":["post-47245","post","type-post","status-publish","format-standard","has-post-thumbnail","hentry","category-infogral"],"_links":{"self":[{"href":"http:\/\/vocesver.com\/noticias\/wp-json\/wp\/v2\/posts\/47245","targetHints":{"allow":["GET"]}}],"collection":[{"href":"http:\/\/vocesver.com\/noticias\/wp-json\/wp\/v2\/posts"}],"about":[{"href":"http:\/\/vocesver.com\/noticias\/wp-json\/wp\/v2\/types\/post"}],"author":[{"embeddable":true,"href":"http:\/\/vocesver.com\/noticias\/wp-json\/wp\/v2\/users\/2"}],"replies":[{"embeddable":true,"href":"http:\/\/vocesver.com\/noticias\/wp-json\/wp\/v2\/comments?post=47245"}],"version-history":[{"count":1,"href":"http:\/\/vocesver.com\/noticias\/wp-json\/wp\/v2\/posts\/47245\/revisions"}],"predecessor-version":[{"id":47247,"href":"http:\/\/vocesver.com\/noticias\/wp-json\/wp\/v2\/posts\/47245\/revisions\/47247"}],"wp:featuredmedia":[{"embeddable":true,"href":"http:\/\/vocesver.com\/noticias\/wp-json\/wp\/v2\/media\/47249"}],"wp:attachment":[{"href":"http:\/\/vocesver.com\/noticias\/wp-json\/wp\/v2\/media?parent=47245"}],"wp:term":[{"taxonomy":"category","embeddable":true,"href":"http:\/\/vocesver.com\/noticias\/wp-json\/wp\/v2\/categories?post=47245"},{"taxonomy":"post_tag","embeddable":true,"href":"http:\/\/vocesver.com\/noticias\/wp-json\/wp\/v2\/tags?post=47245"}],"curies":[{"name":"wp","href":"https:\/\/api.w.org\/{rel}","templated":true}]}}