{"id":46252,"date":"2025-05-27T22:35:03","date_gmt":"2025-05-27T22:35:03","guid":{"rendered":"http:\/\/vocesver.com\/noticias\/?p=46252"},"modified":"2025-05-27T22:36:57","modified_gmt":"2025-05-27T22:36:57","slug":"cada-vez-mas-boquenos-respaldan-a-bertha-ahued-malpica-rumbo-a-la-alcaldia-de-boca-del-rio","status":"publish","type":"post","link":"http:\/\/vocesver.com\/noticias\/cada-vez-mas-boquenos-respaldan-a-bertha-ahued-malpica-rumbo-a-la-alcaldia-de-boca-del-rio\/","title":{"rendered":"*Cada vez m\u00e1s boque\u00f1os respaldan a Bertha Ahued Malpica rumbo a la alcald\u00eda de Boca del R\u00edo*"},"content":{"rendered":"<br \/><br \/>> Candidata de Morena-PVEM hace llamado al voto y a la concientizaci\u00f3n ciudadana para lograr el verdadero cambio en el municipio <br \/><br \/>Ausencio Rivera\/Vocesver. com\/noticias <br \/><br \/>Boca del R\u00edo, Ver. 27 de mayo de 2025.- Cada vez son m\u00e1s los boque\u00f1os que respaldan a Bertha Ahued Malpica rumbo a la Presidencia Municipal de Boca del R\u00edo, as\u00ed qued\u00f3 demostrado esta ma\u00f1ana cuando la candidata se reuni\u00f3 con empresarios, trabajadores y habitantes del municipio.<br \/><br \/>En su intervenci\u00f3n, la candidata de la coalici\u00f3n Morena-PVEM, indic\u00f3 que adem\u00e1s de pedir el voto a la ciudadan\u00eda requiere del compromiso de los boque\u00f1os para que el verdadero cambio llegue a Boca del R\u00edo.<br \/><br \/>\u00abLes pido su voto, pero tambi\u00e9n su compromiso, porque  tenemos que hacer de Boca del R\u00edo, adem\u00e1s de un pueblo de pescadores,  tambi\u00e9n un polo de desarrollo econ\u00f3mico, tur\u00edstico y social\u00bb, insisti\u00f3 Bertha Ahued Malpica.<br \/><br \/>Reiter\u00f3 que para despuntar a Boca del R\u00edo como uno de los principales destinos tur\u00edsticos del pa\u00eds es necesario crear sinergia y concientizaci\u00f3n con la ciudadan\u00eda y gobierno.<br \/><br \/>\u00abCreo que ha faltado esta relaci\u00f3n m\u00e1s cercana de la ciudadan\u00eda con el Ayuntamiento, tenemos que hacer esa fortaleza,  tenemos que hacer conciencia cada quien desde su trinchera, desde su metro cuadrado, para sentar las bases para establecer este destino de playa, que generemos las condiciones para hacerlo posible\u00bb, asegur\u00f3 la abanderada de Morena-PVEM.<br \/><br \/>Bertha Ahued Malpica indic\u00f3 que su proyecto de gobernanza municipal contempla la participaci\u00f3n de la ciudadan\u00eda, pero tambi\u00e9n de expertos en temas de urbanizaci\u00f3n para que las obras a realizar cuenten con una \u00f3ptima planeaci\u00f3n y transparencia en la ejecuci\u00f3n de los recursos.<br \/><br \/>Antes de concluir la reuni\u00f3n, los ciudadanos reconocieron a Bertha Ahued Malpica como la \u00fanica candidata que ha dado a conocer propuestas con valor humanista y de desarrollo econ\u00f3mico y social para Boca del R\u00edo.<br \/><br \/><br \/><br \/><br \/><br \/><br \/><br \/><br \/><br \/><br \/><br \/><br \/><br \/><br \/><br \/><br \/>","protected":false},"excerpt":{"rendered":"<p>> Candidata de Morena-PVEM hace llamado al voto y a la concientizaci\u00f3n ciudadana para lograr el verdadero cambio en el<\/p>\n","protected":false},"author":2,"featured_media":46256,"comment_status":"open","ping_status":"open","sticky":false,"template":"","format":"standard","meta":{"colormag_page_container_layout":"default_layout","colormag_page_sidebar_layout":"default_layout","footnotes":""},"categories":[2],"tags":[],"class_list":["post-46252","post","type-post","status-publish","format-standard","has-post-thumbnail","hentry","category-infogral"],"_links":{"self":[{"href":"http:\/\/vocesver.com\/noticias\/wp-json\/wp\/v2\/posts\/46252","targetHints":{"allow":["GET"]}}],"collection":[{"href":"http:\/\/vocesver.com\/noticias\/wp-json\/wp\/v2\/posts"}],"about":[{"href":"http:\/\/vocesver.com\/noticias\/wp-json\/wp\/v2\/types\/post"}],"author":[{"embeddable":true,"href":"http:\/\/vocesver.com\/noticias\/wp-json\/wp\/v2\/users\/2"}],"replies":[{"embeddable":true,"href":"http:\/\/vocesver.com\/noticias\/wp-json\/wp\/v2\/comments?post=46252"}],"version-history":[{"count":1,"href":"http:\/\/vocesver.com\/noticias\/wp-json\/wp\/v2\/posts\/46252\/revisions"}],"predecessor-version":[{"id":46254,"href":"http:\/\/vocesver.com\/noticias\/wp-json\/wp\/v2\/posts\/46252\/revisions\/46254"}],"wp:featuredmedia":[{"embeddable":true,"href":"http:\/\/vocesver.com\/noticias\/wp-json\/wp\/v2\/media\/46256"}],"wp:attachment":[{"href":"http:\/\/vocesver.com\/noticias\/wp-json\/wp\/v2\/media?parent=46252"}],"wp:term":[{"taxonomy":"category","embeddable":true,"href":"http:\/\/vocesver.com\/noticias\/wp-json\/wp\/v2\/categories?post=46252"},{"taxonomy":"post_tag","embeddable":true,"href":"http:\/\/vocesver.com\/noticias\/wp-json\/wp\/v2\/tags?post=46252"}],"curies":[{"name":"wp","href":"https:\/\/api.w.org\/{rel}","templated":true}]}}