{"id":46249,"date":"2025-05-27T22:16:27","date_gmt":"2025-05-27T22:16:27","guid":{"rendered":"http:\/\/vocesver.com\/noticias\/?p=46249"},"modified":"2025-05-27T22:17:40","modified_gmt":"2025-05-27T22:17:40","slug":"la-candidata-de-morena-pvem-se-reunio-con-universitarios-que-ya-son-el-presente-de-veracruz","status":"publish","type":"post","link":"http:\/\/vocesver.com\/noticias\/la-candidata-de-morena-pvem-se-reunio-con-universitarios-que-ya-son-el-presente-de-veracruz\/","title":{"rendered":"***La candidata de MORENA-PVEM se reuni\u00f3 con universitarios que ya son el presente de Veracruz."},"content":{"rendered":"*Con los j\u00f3venes avanzaremos a la prosperidad compartida: Rosa Mar\u00eda*<br \/><br \/><br \/><br \/>Ausencio Rivera\/Vocesver. com\/noticias <br \/><br \/>Veracruz, Ver. 27 de mayo de 2025.- Durante un encuentro con j\u00f3venes universitarios del CESA IT, Rosa Mar\u00eda Hern\u00e1ndez Espejo afirm\u00f3 que, en su gobierno, las y los j\u00f3venes formar\u00e1n parte de las decisiones que impulsen el desarrollo de Veracruz, porque su talento, energ\u00eda y compromiso son esenciales para avanzar hacia una prosperidad compartida.<br \/><br \/>La candidata de la coalici\u00f3n MORENA-PVEM a la presidencia municipal de Veracruz, destac\u00f3 que promover\u00e1 la generaci\u00f3n de empleos bien remunerados para egresados de instituciones de educaci\u00f3n superior mediante la vinculaci\u00f3n con empresas, el fortalecimiento de sectores productivos locales y el impulso al emprendimiento desde la etapa universitaria.<br \/><br \/>Anunci\u00f3 tambi\u00e9n la creaci\u00f3n de un programa municipal de becas que apoye a los estudiantes con transporte, materiales escolares y colegiaturas, como una medida concreta para que nadie abandone sus estudios por falta de recursos.<br \/><br \/>Rosa Mar\u00eda reconoci\u00f3 a los j\u00f3venes como agentes de cambio y reiter\u00f3 su compromiso de construir un gobierno incluyente, con oportunidades reales y condiciones justas para que las nuevas generaciones construyan un mejor futuro en Veracruz.<br \/><br \/>Obtener Outlook para Android","protected":false},"excerpt":{"rendered":"<p>*Con los j\u00f3venes avanzaremos a la prosperidad compartida: Rosa Mar\u00eda* Ausencio Rivera\/Vocesver. com\/noticias Veracruz, Ver. 27 de mayo de 2025.-<\/p>\n","protected":false},"author":2,"featured_media":46253,"comment_status":"open","ping_status":"open","sticky":false,"template":"","format":"standard","meta":{"colormag_page_container_layout":"default_layout","colormag_page_sidebar_layout":"default_layout","footnotes":""},"categories":[2],"tags":[],"class_list":["post-46249","post","type-post","status-publish","format-standard","has-post-thumbnail","hentry","category-infogral"],"_links":{"self":[{"href":"http:\/\/vocesver.com\/noticias\/wp-json\/wp\/v2\/posts\/46249","targetHints":{"allow":["GET"]}}],"collection":[{"href":"http:\/\/vocesver.com\/noticias\/wp-json\/wp\/v2\/posts"}],"about":[{"href":"http:\/\/vocesver.com\/noticias\/wp-json\/wp\/v2\/types\/post"}],"author":[{"embeddable":true,"href":"http:\/\/vocesver.com\/noticias\/wp-json\/wp\/v2\/users\/2"}],"replies":[{"embeddable":true,"href":"http:\/\/vocesver.com\/noticias\/wp-json\/wp\/v2\/comments?post=46249"}],"version-history":[{"count":1,"href":"http:\/\/vocesver.com\/noticias\/wp-json\/wp\/v2\/posts\/46249\/revisions"}],"predecessor-version":[{"id":46251,"href":"http:\/\/vocesver.com\/noticias\/wp-json\/wp\/v2\/posts\/46249\/revisions\/46251"}],"wp:featuredmedia":[{"embeddable":true,"href":"http:\/\/vocesver.com\/noticias\/wp-json\/wp\/v2\/media\/46253"}],"wp:attachment":[{"href":"http:\/\/vocesver.com\/noticias\/wp-json\/wp\/v2\/media?parent=46249"}],"wp:term":[{"taxonomy":"category","embeddable":true,"href":"http:\/\/vocesver.com\/noticias\/wp-json\/wp\/v2\/categories?post=46249"},{"taxonomy":"post_tag","embeddable":true,"href":"http:\/\/vocesver.com\/noticias\/wp-json\/wp\/v2\/tags?post=46249"}],"curies":[{"name":"wp","href":"https:\/\/api.w.org\/{rel}","templated":true}]}}