{"id":46246,"date":"2025-05-26T23:56:19","date_gmt":"2025-05-26T23:56:19","guid":{"rendered":"http:\/\/vocesver.com\/noticias\/?p=46246"},"modified":"2025-05-26T23:57:34","modified_gmt":"2025-05-26T23:57:34","slug":"bernardo-hernandez-ochoa-en-su-visita-por-este-puerto","status":"publish","type":"post","link":"http:\/\/vocesver.com\/noticias\/bernardo-hernandez-ochoa-en-su-visita-por-este-puerto\/","title":{"rendered":"Bernardo Hern\u00e1ndez OCHOA en su visita por este Puerto."},"content":{"rendered":"<br \/>Recibi\u00f3 el apoyo y saludo<br \/> de amigos porte\u00f1os. <br \/>REDACCION\/V0CESVER.COM\/NOTICIAS<br \/><br \/>Veracruz, Ver.. A 26 de Mayo 2025.En la gr\u00e1fica  Pedro Parrasal D\u00edaz y el Candidato a Juez de Distrito en Materia Mixta Distrito 2. Bernardo Hern\u00e1ndez Ochoa,lo acompa\u00f1an los hermanos Ra\u00fal  y Oth\u00f3n Vela Portilla entre otras personas m\u00e1s que saludaron  al candidato en su visita por este puerto. .Foto Ausencio RIVERA.","protected":false},"excerpt":{"rendered":"<p>Recibi\u00f3 el apoyo y saludo de amigos porte\u00f1os. REDACCION\/V0CESVER.COM\/NOTICIAS Veracruz, Ver.. A 26 de Mayo 2025.En la gr\u00e1fica Pedro Parrasal<\/p>\n","protected":false},"author":2,"featured_media":46250,"comment_status":"open","ping_status":"open","sticky":false,"template":"","format":"standard","meta":{"colormag_page_container_layout":"default_layout","colormag_page_sidebar_layout":"default_layout","footnotes":""},"categories":[2],"tags":[],"class_list":["post-46246","post","type-post","status-publish","format-standard","has-post-thumbnail","hentry","category-infogral"],"_links":{"self":[{"href":"http:\/\/vocesver.com\/noticias\/wp-json\/wp\/v2\/posts\/46246","targetHints":{"allow":["GET"]}}],"collection":[{"href":"http:\/\/vocesver.com\/noticias\/wp-json\/wp\/v2\/posts"}],"about":[{"href":"http:\/\/vocesver.com\/noticias\/wp-json\/wp\/v2\/types\/post"}],"author":[{"embeddable":true,"href":"http:\/\/vocesver.com\/noticias\/wp-json\/wp\/v2\/users\/2"}],"replies":[{"embeddable":true,"href":"http:\/\/vocesver.com\/noticias\/wp-json\/wp\/v2\/comments?post=46246"}],"version-history":[{"count":1,"href":"http:\/\/vocesver.com\/noticias\/wp-json\/wp\/v2\/posts\/46246\/revisions"}],"predecessor-version":[{"id":46248,"href":"http:\/\/vocesver.com\/noticias\/wp-json\/wp\/v2\/posts\/46246\/revisions\/46248"}],"wp:featuredmedia":[{"embeddable":true,"href":"http:\/\/vocesver.com\/noticias\/wp-json\/wp\/v2\/media\/46250"}],"wp:attachment":[{"href":"http:\/\/vocesver.com\/noticias\/wp-json\/wp\/v2\/media?parent=46246"}],"wp:term":[{"taxonomy":"category","embeddable":true,"href":"http:\/\/vocesver.com\/noticias\/wp-json\/wp\/v2\/categories?post=46246"},{"taxonomy":"post_tag","embeddable":true,"href":"http:\/\/vocesver.com\/noticias\/wp-json\/wp\/v2\/tags?post=46246"}],"curies":[{"name":"wp","href":"https:\/\/api.w.org\/{rel}","templated":true}]}}