{"id":46191,"date":"2025-05-21T23:22:30","date_gmt":"2025-05-21T23:22:30","guid":{"rendered":"http:\/\/vocesver.com\/noticias\/?p=46191"},"modified":"2025-05-21T23:38:30","modified_gmt":"2025-05-21T23:38:30","slug":"con-servicios-publicos-de-calidad-se-mejorara-la-imagen-urbana-de-boca-del-rio-bertha-ahued-malpica-2","status":"publish","type":"post","link":"http:\/\/vocesver.com\/noticias\/con-servicios-publicos-de-calidad-se-mejorara-la-imagen-urbana-de-boca-del-rio-bertha-ahued-malpica-2\/","title":{"rendered":"*Con servicios p\u00fablicos de calidad se mejorar\u00e1 la imagen urbana de Boca del R\u00edo: Bertha Ahued Malpica*"},"content":{"rendered":"<br \/><br \/>> Reducci\u00f3n de apagones, revisi\u00f3n legal a la concesi\u00f3n del servicio de agua y optimizar la recolecci\u00f3n de basura, son clave para lograr un mejor municipio <br \/><br \/>> Mujeres profesionistas siguen sum\u00e1ndose al proyecto de Transformaci\u00f3n para Boca del R\u00edo de la candidata  de Morena-PVEM a la Presidencia Municipal <br \/><br \/>> Entabla di\u00e1logo con habitantes del fraccionamiento El Dorado y les presenta su programa Act\u00edvate Boca para generar bienestar en las familias boque\u00f1as <br \/><br \/>Ausencio Rivera\/Vocesver. com\/noticias <br \/><br \/>Boca del R\u00edo, Ver. 21 de mayo de 2025.-<br \/>Como parte de sus actividades de campa\u00f1a, Bertha Ahued Malpica, candidata de Morena-PVEM a la Presidencia Municipal de Boca del R\u00edo, entabl\u00f3 di\u00e1logo con mujeres profesionistas del municipio con quienes comparti\u00f3 su proyecto de Transformaci\u00f3n para el Boca del R\u00edo.<br \/><br \/>Al presentar sus propuestas de campa\u00f1a destac\u00f3 que su principal proyecto es el llevar a cabo programas encaminados al desarrollo econ\u00f3mico y social de Boca del R\u00edo, para esto es primordial dar soluci\u00f3n a las carencias en servicios p\u00fablicos que actualmente enfrentan los y las boque\u00f1as.<br \/><br \/>En este sentido, Bertha Ahued Malpica, destac\u00f3 que una de las prioridades ser\u00e1 gestionar ante la CFE el mantenimiento a la infraestructura el\u00e9ctrica para reducir los apagones en el municipio boque\u00f1o.<br \/><br \/>\u00abVamos a gestionar con Comisi\u00f3n Federal de Electricidad el mantenimiento a las l\u00edneas el\u00e9ctricas y a los transformadores; hay demasiada carga en los transformadores, entonces necesitamos que le den mantenimiento y en su caso, si se requiere, que adquieran nuevos transformadores, para reducir que se echen a perder sus aparatos  electrodom\u00e9sticos\u00bb, asegur\u00f3 la abanderada de Morena-PVEM.<br \/><br \/>*Agua y otros servicios*<br \/>En el tema del servicio de agua potable, la morenista, insisti\u00f3 en que se llevar\u00e1 a cabo una revisi\u00f3n legal de la concesi\u00f3n otorgada a la empresa potibilizadora, basado en ello se actuar\u00e1 conforme a la ley.<br \/><br \/>Al abordar el tema de Limpia P\u00fablica, la candidata de la alianza Morena-PVEM se\u00f1al\u00f3 que se tiene dise\u00f1ada una estrategia con rutas inteligentes y contenedores en puntos estrat\u00e9gicos que optimicen la recolecci\u00f3n de los residuos, mejorando con ello la imagen urbana de Boca del R\u00edo.<br \/><br \/>*Participaci\u00f3n de todos*<br \/>En su intervenci\u00f3n, la morenista, dej\u00f3 en claro que para llevar a cabo sus propuestas presentadas necesitar\u00e1 la colaboraci\u00f3n de expertos de todos los sectores, por lo que invit\u00f3 a las profesionales a sumarse a su proyecto de gobernanza municipal.<br \/><br \/>Antes de finalizar la reuni\u00f3n, la aspirante a alcaldesa de Boca del R\u00edo, Bertha Ahued Malpica, recibi\u00f3 de manos de Ivonne Capitaine Abella, miembro del comit\u00e9 ciudadano, un documento con propuestas y aportaciones en favor del municipio que el grupo de mujeres profesionistas recopil\u00f3.<br \/><br \/>*Deporte comunitario es un derecho*<br \/>Posteriormente, Bertha Ahued Malpica, se traslad\u00f3 hasta el fraccionamiento El Dorado, en donde fue recibida calurosamente por los habitantes de la zona con quienes comparti\u00f3 que para lograr el bienestar en las familias implementar\u00e1 el programa Act\u00edvate Boca con el que se llevar\u00e1n a cabo actividades deportivas para ni\u00f1os y j\u00f3venes, as\u00ed como actividades adaptadas a personas adultas mayores y con discapacidad, para tener una comunidad m\u00e1s sana, prevenir adicciones y disminuir el sedentarismo.<br \/><br \/>\u00abEl deporte comunitario es un derecho, rehabilitaremos espacios deportivos en el municipio con canchas, equipamiento, iluminaci\u00f3n y se\u00f1al\u00e9tica accesible, pero tambi\u00e9n, implementaremos el programa Act\u00edvate Boca, con clases y actividades impartidas por promotores capacitados. La generaci\u00f3n de entornos seguros y activos previene adicciones y violencia, as\u00ed vamos a fortalecer el tejido social, que tanta falta hace en Boca del R\u00edo\u00bb, expres\u00f3 Bertha Ahued Malpica.<br \/><br \/>Al concluir, la abanderada de la coalici\u00f3n Morena-PVEM, Bertha Ahued Malpica, invit\u00f3 a los y las ciudadanas a acudir a las urnas el pr\u00f3ximo 1 de junio y votar para que la Transformaci\u00f3n por fin llegue a Boca del R\u00edo.<br \/><br \/><br \/>","protected":false},"excerpt":{"rendered":"<p>> Reducci\u00f3n de apagones, revisi\u00f3n legal a la concesi\u00f3n del servicio de agua y optimizar la recolecci\u00f3n de basura, son<\/p>\n","protected":false},"author":2,"featured_media":46198,"comment_status":"open","ping_status":"open","sticky":false,"template":"","format":"standard","meta":{"colormag_page_container_layout":"default_layout","colormag_page_sidebar_layout":"default_layout","footnotes":""},"categories":[2],"tags":[],"class_list":["post-46191","post","type-post","status-publish","format-standard","has-post-thumbnail","hentry","category-infogral"],"_links":{"self":[{"href":"http:\/\/vocesver.com\/noticias\/wp-json\/wp\/v2\/posts\/46191","targetHints":{"allow":["GET"]}}],"collection":[{"href":"http:\/\/vocesver.com\/noticias\/wp-json\/wp\/v2\/posts"}],"about":[{"href":"http:\/\/vocesver.com\/noticias\/wp-json\/wp\/v2\/types\/post"}],"author":[{"embeddable":true,"href":"http:\/\/vocesver.com\/noticias\/wp-json\/wp\/v2\/users\/2"}],"replies":[{"embeddable":true,"href":"http:\/\/vocesver.com\/noticias\/wp-json\/wp\/v2\/comments?post=46191"}],"version-history":[{"count":1,"href":"http:\/\/vocesver.com\/noticias\/wp-json\/wp\/v2\/posts\/46191\/revisions"}],"predecessor-version":[{"id":46193,"href":"http:\/\/vocesver.com\/noticias\/wp-json\/wp\/v2\/posts\/46191\/revisions\/46193"}],"wp:featuredmedia":[{"embeddable":true,"href":"http:\/\/vocesver.com\/noticias\/wp-json\/wp\/v2\/media\/46198"}],"wp:attachment":[{"href":"http:\/\/vocesver.com\/noticias\/wp-json\/wp\/v2\/media?parent=46191"}],"wp:term":[{"taxonomy":"category","embeddable":true,"href":"http:\/\/vocesver.com\/noticias\/wp-json\/wp\/v2\/categories?post=46191"},{"taxonomy":"post_tag","embeddable":true,"href":"http:\/\/vocesver.com\/noticias\/wp-json\/wp\/v2\/tags?post=46191"}],"curies":[{"name":"wp","href":"https:\/\/api.w.org\/{rel}","templated":true}]}}