{"id":46183,"date":"2025-05-21T14:34:21","date_gmt":"2025-05-21T14:34:21","guid":{"rendered":"http:\/\/vocesver.com\/noticias\/?p=46183"},"modified":"2025-05-21T14:35:26","modified_gmt":"2025-05-21T14:35:26","slug":"encabeza-gobernadora-consejo-directivo-de-invivienda-a-favor-de-la-certeza-patrimonial","status":"publish","type":"post","link":"http:\/\/vocesver.com\/noticias\/encabeza-gobernadora-consejo-directivo-de-invivienda-a-favor-de-la-certeza-patrimonial\/","title":{"rendered":"Encabeza Gobernadora Consejo Directivo de INVIVIENDA a favor de la certeza  patrimonial"},"content":{"rendered":"<br \/><br \/>Ausencio Rivera\/Vocesver. com\/noticias <br \/>Xalapa, Ver., martes 20 de mayo de 2025.- La gobernadora, Roc\u00edo Nahle Garc\u00eda, en su <br \/>calidad de presidenta del Consejo Directivo del Instituto Veracruzano de la Vivienda (INVIVIENDA), encabez\u00f3 la Segunda Sesi\u00f3n Ordinaria celebrada en la Sala de Banderas <br \/>de Palacio de Gobierno.<br \/>Durante la sesi\u00f3n, el Secretario T\u00e9cnico present\u00f3 el informe de actividades <br \/>correspondiente al periodo diciembre de 2024 a mayo de 2025, destacando el notable <br \/>avance en el Programa de Escrituraci\u00f3n, que registr\u00f3 un incremento de m\u00e1s del doble en <br \/>la formalizaci\u00f3n de escrituras en comparaci\u00f3n con el mismo periodo del a\u00f1o anterior. <br \/>Este resultado representa un paso significativo en la generaci\u00f3n de certeza jur\u00eddica para <br \/>las familias veracruzanas, especialmente aquellas en situaci\u00f3n de mayor vulnerabilidad.<br \/>Asimismo, el Consejo revis\u00f3 la actualizaci\u00f3n y armonizaci\u00f3n de diversos instrumentos <br \/>normativos conforme al Reglamento Interior vigente del Instituto, con el prop\u00f3sito de <br \/>fortalecer la legalidad y transparencia en el actuar de las y los servidores p\u00fablicos que <br \/>integran su estructura org\u00e1nica.<br \/><br \/><br \/><br \/><br \/><br \/><br \/><br \/>","protected":false},"excerpt":{"rendered":"<p>Ausencio Rivera\/Vocesver. com\/noticias Xalapa, Ver., martes 20 de mayo de 2025.- La gobernadora, Roc\u00edo Nahle Garc\u00eda, en su calidad de<\/p>\n","protected":false},"author":2,"featured_media":46189,"comment_status":"open","ping_status":"open","sticky":false,"template":"","format":"standard","meta":{"colormag_page_container_layout":"default_layout","colormag_page_sidebar_layout":"default_layout","footnotes":""},"categories":[2],"tags":[],"class_list":["post-46183","post","type-post","status-publish","format-standard","has-post-thumbnail","hentry","category-infogral"],"_links":{"self":[{"href":"http:\/\/vocesver.com\/noticias\/wp-json\/wp\/v2\/posts\/46183","targetHints":{"allow":["GET"]}}],"collection":[{"href":"http:\/\/vocesver.com\/noticias\/wp-json\/wp\/v2\/posts"}],"about":[{"href":"http:\/\/vocesver.com\/noticias\/wp-json\/wp\/v2\/types\/post"}],"author":[{"embeddable":true,"href":"http:\/\/vocesver.com\/noticias\/wp-json\/wp\/v2\/users\/2"}],"replies":[{"embeddable":true,"href":"http:\/\/vocesver.com\/noticias\/wp-json\/wp\/v2\/comments?post=46183"}],"version-history":[{"count":1,"href":"http:\/\/vocesver.com\/noticias\/wp-json\/wp\/v2\/posts\/46183\/revisions"}],"predecessor-version":[{"id":46185,"href":"http:\/\/vocesver.com\/noticias\/wp-json\/wp\/v2\/posts\/46183\/revisions\/46185"}],"wp:featuredmedia":[{"embeddable":true,"href":"http:\/\/vocesver.com\/noticias\/wp-json\/wp\/v2\/media\/46189"}],"wp:attachment":[{"href":"http:\/\/vocesver.com\/noticias\/wp-json\/wp\/v2\/media?parent=46183"}],"wp:term":[{"taxonomy":"category","embeddable":true,"href":"http:\/\/vocesver.com\/noticias\/wp-json\/wp\/v2\/categories?post=46183"},{"taxonomy":"post_tag","embeddable":true,"href":"http:\/\/vocesver.com\/noticias\/wp-json\/wp\/v2\/tags?post=46183"}],"curies":[{"name":"wp","href":"https:\/\/api.w.org\/{rel}","templated":true}]}}