{"id":46178,"date":"2025-05-21T14:25:52","date_gmt":"2025-05-21T14:25:52","guid":{"rendered":"http:\/\/vocesver.com\/noticias\/?p=46178"},"modified":"2025-05-21T14:27:32","modified_gmt":"2025-05-21T14:27:32","slug":"vamos-a-recuperar-la-identidad-de-boca-del-rio-asegura-bertha-ahued-malpica","status":"publish","type":"post","link":"http:\/\/vocesver.com\/noticias\/vamos-a-recuperar-la-identidad-de-boca-del-rio-asegura-bertha-ahued-malpica\/","title":{"rendered":"*Vamos a recuperar la identidad de Boca del R\u00edo, asegura Bertha Ahued Malpica*"},"content":{"rendered":"<br \/><br \/>Ausencio Rivera \/Vocesver. com\/noticias <br \/>Boca del R\u00edo, Ver. 20 de mayo de 2025.-<br \/>Frente a familias boque\u00f1as, la candidata de Morena-PVEM a la Presidencia Municipal de Boca del R\u00edo, Bertha Ahued Malpica, destac\u00f3 que su proyecto  de gobierno es el de convertir a Boca del R\u00edo en uno de los polos de tur\u00edsticos de playa m\u00e1s importantes del pa\u00eds, pero para eso es primordial retomar con fuerza nuestra identidad y el sentido de pertenencia del municipio, adem\u00e1s de crear las condiciones adecuadas para lograrlo.<br \/><br \/>\u00abSer\u00e1 el turismo nuestro motor de desarrollo. \u00bfC\u00f3mo lo lograremos? Llevaremos a cabo por primera vez una seria gesti\u00f3n de destino, esto es organizar y coordinar todo lo que hace atractivo a un lugar para el turismo, con el fin de planear de forma estrat\u00e9gica lo que ofrece nuestra ciudad, la experiencia al visitante y los beneficios que esto genera a nuestra comunidad, para eso tanto el gobierno como la industria tur\u00edstica, la comunidad y los especialistas implementar\u00e1n herramientas adecuadas para coordinar y desarrollar la infraestructura, los servicios, la capacitaci\u00f3n, la inversi\u00f3n, el desarrollo y la promoci\u00f3n tur\u00edstica para podernos consolidar como un gran destino de playa en M\u00e9xico\u00bb, explic\u00f3 la aspirante de Morena-PVEM a la alcald\u00eda boque\u00f1a.<br \/><br \/>Bertha Ahued Malpica, dijo que se enfocar\u00e1 en reactivar los espacios clave de Boca del R\u00edo como lo son sus playas y, sobre todo, su cabecera municipal.<br \/><br \/>\u00abReactivaremos, por ejemplo, espacios claves como son las playas, las playas no tienen ba\u00f1os, tampoco hay se\u00f1al\u00e9tica incluyente, tampoco hay se\u00f1al\u00e9tica vial, te pasas de la cabecera municipal, la entrada es por el por el tianguis, pero si no la ves ya no entraste. Estuve con los restauranteros de la cabecera municipal, tenemos que desarrollar un proyecto urbanista para que den ganas de ir\u00bb, explic\u00f3 Bertha Ahued Malpica.<br \/><br \/>La aspirante a la Presidencia Municipal de Boca del R\u00edo, insisti\u00f3 tambi\u00e9n en la importancia de retomar la identidad territorial para fortalecer el sentido de pertenencia de los boque\u00f1os y diferenciar al municipio tanto en el \u00e1mbito local como en el regional, nacional o internacional, promoviendo la cultura y las tradiciones de Boca del R\u00edo.<br \/><br \/>\u00abVamos a poner estas letras monumentales con el nombre de Boca del R\u00edo para ir reforzando nuestra identidad a nosostros mismos y a los que nos visitan, vamos reactivar la cabecera municipal con experiencias culturales, deportivas y gastronomicas\u00bb, asever\u00f3 la candidata a alcaldesa.<br \/><br \/>Ahued Malpica, record\u00f3 que una de las actividades economicas m\u00e1s imoprtantes para el pa\u00eds es la industria tur\u00edstica, ya que esta beneficia a diversos sectores, por lo que en su proyecto de gobernanza es determinante impulsar este rubro.<br \/><br \/>\u00abTenemos que construir toda la infraestructura, crear las condiciones para que la gente venga y nos vea como destino de playa, porque entre las actividades econ\u00f3micas que m\u00e1s aportan al Producto Interno Bruto del pa\u00eds es primero la construcci\u00f3n y en segundo la industria tur\u00edstica, que abarca al sector restaurantero, al sector hotelero, a los proveedores, hasta el servicio de taxis y autobuses, a todos nos beneficia\u00bb, finaliz\u00f3 la abanderada de la alianza Morena-PVEM rumbo a la alcald\u00eda de Boca del R\u00edo.<br \/><br \/><br \/><br \/><br \/><br \/>","protected":false},"excerpt":{"rendered":"<p>Ausencio Rivera \/Vocesver. com\/noticias Boca del R\u00edo, Ver. 20 de mayo de 2025.-Frente a familias boque\u00f1as, la candidata de Morena-PVEM<\/p>\n","protected":false},"author":2,"featured_media":46184,"comment_status":"open","ping_status":"open","sticky":false,"template":"","format":"standard","meta":{"colormag_page_container_layout":"default_layout","colormag_page_sidebar_layout":"default_layout","footnotes":""},"categories":[2],"tags":[],"class_list":["post-46178","post","type-post","status-publish","format-standard","has-post-thumbnail","hentry","category-infogral"],"_links":{"self":[{"href":"http:\/\/vocesver.com\/noticias\/wp-json\/wp\/v2\/posts\/46178","targetHints":{"allow":["GET"]}}],"collection":[{"href":"http:\/\/vocesver.com\/noticias\/wp-json\/wp\/v2\/posts"}],"about":[{"href":"http:\/\/vocesver.com\/noticias\/wp-json\/wp\/v2\/types\/post"}],"author":[{"embeddable":true,"href":"http:\/\/vocesver.com\/noticias\/wp-json\/wp\/v2\/users\/2"}],"replies":[{"embeddable":true,"href":"http:\/\/vocesver.com\/noticias\/wp-json\/wp\/v2\/comments?post=46178"}],"version-history":[{"count":1,"href":"http:\/\/vocesver.com\/noticias\/wp-json\/wp\/v2\/posts\/46178\/revisions"}],"predecessor-version":[{"id":46182,"href":"http:\/\/vocesver.com\/noticias\/wp-json\/wp\/v2\/posts\/46178\/revisions\/46182"}],"wp:featuredmedia":[{"embeddable":true,"href":"http:\/\/vocesver.com\/noticias\/wp-json\/wp\/v2\/media\/46184"}],"wp:attachment":[{"href":"http:\/\/vocesver.com\/noticias\/wp-json\/wp\/v2\/media?parent=46178"}],"wp:term":[{"taxonomy":"category","embeddable":true,"href":"http:\/\/vocesver.com\/noticias\/wp-json\/wp\/v2\/categories?post=46178"},{"taxonomy":"post_tag","embeddable":true,"href":"http:\/\/vocesver.com\/noticias\/wp-json\/wp\/v2\/tags?post=46178"}],"curies":[{"name":"wp","href":"https:\/\/api.w.org\/{rel}","templated":true}]}}