{"id":46175,"date":"2025-05-21T14:12:24","date_gmt":"2025-05-21T14:12:24","guid":{"rendered":"http:\/\/vocesver.com\/noticias\/?p=46175"},"modified":"2025-05-21T14:18:12","modified_gmt":"2025-05-21T14:18:12","slug":"vamos-a-dignificar-la-calidad-de-vida-de-nuestros-adultos-mayores-bertha-ahued-malpica","status":"publish","type":"post","link":"http:\/\/vocesver.com\/noticias\/vamos-a-dignificar-la-calidad-de-vida-de-nuestros-adultos-mayores-bertha-ahued-malpica\/","title":{"rendered":"*Vamos a dignificar la calidad de vida de nuestros adultos mayores: Bertha Ahued Malpica*"},"content":{"rendered":"<br \/><br \/>> En el d\u00eda 22 de campa\u00f1a rumbo a la Presidencia Municipal de Boca del R\u00edo, la candidata de la alianza Morena-PVEM recorri\u00f3 la colonia Flores Mag\u00f3n <br \/><br \/>Ausencio Rivera\/Vocesver. com\/noticias <br \/>Boca del R\u00edo, Ver.  20 de mayo de 2025.-<br \/>Con gran cari\u00f1o fue recibida Bertha Ahued Malpica, candidata de Morena-PVEM  a la Presidencia Municipal de Boca del R\u00edo por los habitantes de la colonia Flores Mag\u00f3n durante un recorrido qu\u00e9 realiz\u00f3 este d\u00eda 22 de campa\u00f1a rumbo a las elecciones municipales, el pr\u00f3ximo 1 de junio.<br \/><br \/>A su paso por las calles de la colonia, Bertha Ahued Malpica escuch\u00f3 las demandas de las familias que le abrieron las puertas de sus hogares y platic\u00f3 sobre los proyectos que ha dise\u00f1ado para generar el desarrollo econ\u00f3mico y social del municipio.<br \/><br \/>Bertha Ahued Malpica, destac\u00f3 que uno de ellos es la creaci\u00f3n de espacios en los que los adultos mayores puedan realizar distintas actividades recreativas, l\u00fadicas y f\u00edsicas que les permitan un desarrollo ocupacional que dignifique la calidad de vida de este sector de la poblaci\u00f3n boque\u00f1a.<br \/><br \/>La abanderada de la alianza Morena-PVEM, detall\u00f3 que dichos lugares ser\u00e1n atendidos por personal capacitado en un ambiente seguro y adecuado a sus necesidades.<br \/><br \/>En su recorrido por la colonia Flores Mag\u00f3n, las principales peticiones de los colonos fueron la regularizaci\u00f3n del servicio de agua potable, la reparaci\u00f3n de calles y banquetas, alumbrado p\u00fablico entre otros servicios, que la candidata morenista, asegur\u00f3 \u00abvan de caj\u00f3n\u00bb en su pr\u00f3ximo gobierno municipal.<br \/><br \/>Al concluir su trayecto, Bertha Ahued Malpica, reiter\u00f3 que una vez que llegue al Ayuntamiento boque\u00f1o, mantendr\u00e1 una gobernaza de puertas abiertas a la ciudadan\u00eda para juntos hacer que la Transformaci\u00f3n llegue a Boca del R\u00edo.<br \/><br \/><br \/><br \/><br \/><br \/><br \/>","protected":false},"excerpt":{"rendered":"<p>> En el d\u00eda 22 de campa\u00f1a rumbo a la Presidencia Municipal de Boca del R\u00edo, la candidata de la<\/p>\n","protected":false},"author":2,"featured_media":46181,"comment_status":"open","ping_status":"open","sticky":false,"template":"","format":"standard","meta":{"colormag_page_container_layout":"default_layout","colormag_page_sidebar_layout":"default_layout","footnotes":""},"categories":[2],"tags":[],"class_list":["post-46175","post","type-post","status-publish","format-standard","has-post-thumbnail","hentry","category-infogral"],"_links":{"self":[{"href":"http:\/\/vocesver.com\/noticias\/wp-json\/wp\/v2\/posts\/46175","targetHints":{"allow":["GET"]}}],"collection":[{"href":"http:\/\/vocesver.com\/noticias\/wp-json\/wp\/v2\/posts"}],"about":[{"href":"http:\/\/vocesver.com\/noticias\/wp-json\/wp\/v2\/types\/post"}],"author":[{"embeddable":true,"href":"http:\/\/vocesver.com\/noticias\/wp-json\/wp\/v2\/users\/2"}],"replies":[{"embeddable":true,"href":"http:\/\/vocesver.com\/noticias\/wp-json\/wp\/v2\/comments?post=46175"}],"version-history":[{"count":1,"href":"http:\/\/vocesver.com\/noticias\/wp-json\/wp\/v2\/posts\/46175\/revisions"}],"predecessor-version":[{"id":46177,"href":"http:\/\/vocesver.com\/noticias\/wp-json\/wp\/v2\/posts\/46175\/revisions\/46177"}],"wp:featuredmedia":[{"embeddable":true,"href":"http:\/\/vocesver.com\/noticias\/wp-json\/wp\/v2\/media\/46181"}],"wp:attachment":[{"href":"http:\/\/vocesver.com\/noticias\/wp-json\/wp\/v2\/media?parent=46175"}],"wp:term":[{"taxonomy":"category","embeddable":true,"href":"http:\/\/vocesver.com\/noticias\/wp-json\/wp\/v2\/categories?post=46175"},{"taxonomy":"post_tag","embeddable":true,"href":"http:\/\/vocesver.com\/noticias\/wp-json\/wp\/v2\/tags?post=46175"}],"curies":[{"name":"wp","href":"https:\/\/api.w.org\/{rel}","templated":true}]}}