{"id":46172,"date":"2025-05-21T14:07:18","date_gmt":"2025-05-21T14:07:18","guid":{"rendered":"http:\/\/vocesver.com\/noticias\/?p=46172"},"modified":"2025-05-21T14:08:23","modified_gmt":"2025-05-21T14:08:23","slug":"con-honestidad-y-cercania-gobernaremos-veracruz-rosa-maria","status":"publish","type":"post","link":"http:\/\/vocesver.com\/noticias\/con-honestidad-y-cercania-gobernaremos-veracruz-rosa-maria\/","title":{"rendered":"*Con honestidad y cercan\u00eda, gobernaremos Veracruz: Rosa Mar\u00eda*"},"content":{"rendered":"<br \/><br \/>***La candidata de la coalici\u00f3n MORENA-PVEM a la alcald\u00eda de Veracruz recorri\u00f3 los fraccionamientos Norte y Villa Rica.<br \/><br \/>Ausencio Rivera\/Vocesver.com\/noticias <br \/><br \/>Veracruz., Ver. 20 de mayo de 2025.- Con una visi\u00f3n de gobierno basada en la honestidad, el orden y la cercan\u00eda con la gente, Rosa Mar\u00eda Hern\u00e1ndez Espejo sigue recorriendo cada rinc\u00f3n de Veracruz construyendo un proyecto que atiende de ra\u00edz las demandas m\u00e1s urgentes de la poblaci\u00f3n: servicios p\u00fablicos dignos, agua de calidad y autoridades que regresen a las colonias despu\u00e9s de la elecci\u00f3n, son parte de sus diez compromisos prioritarios.<br \/><br \/>Durante sus recorridos por los fraccionamientos Norte y Villa Rica y en la asamblea vecinal de la colonia Astilleros, la candidata de la coalici\u00f3n Morena\u2013PVEM escuch\u00f3 de viva voz las quejas sobre la mala calidad del agua, fugas constantes y cortes sin aviso. \u201cEl Grupo MAS se lleva m\u00e1s de 400 millones de pesos al a\u00f1o, mientras la gente sigue batallando para tener agua\u201d, reconoci\u00f3.<br \/><br \/>Rosa Mar\u00eda afirm\u00f3 que en su gobierno se pondr\u00e1 orden con pu\u00f1o firme. \u201cVamos a gobernar con honestidad y austeridad. Cada peso se ir\u00e1 directamente a los servicios de la gente\u201d, asegur\u00f3 ante vecinas y vecinos que exigieron soluciones concretas.<br \/><br \/>Reiter\u00f3 que su gobierno no solo pedir\u00e1 el voto, sino que estar\u00e1 presente en las colonias, escuchando y resolviendo. \u201cLa gente quiere una autoridad cercana, que d\u00e9 la cara y regrese despu\u00e9s de la elecci\u00f3n. Eso haremos desde el primer d\u00eda\u201d, finaliz\u00f3.<br \/><br \/><br \/><br \/><br \/><br \/>","protected":false},"excerpt":{"rendered":"<p>***La candidata de la coalici\u00f3n MORENA-PVEM a la alcald\u00eda de Veracruz recorri\u00f3 los fraccionamientos Norte y Villa Rica. Ausencio Rivera\/Vocesver.com\/noticias<\/p>\n","protected":false},"author":2,"featured_media":46176,"comment_status":"open","ping_status":"open","sticky":false,"template":"","format":"standard","meta":{"colormag_page_container_layout":"default_layout","colormag_page_sidebar_layout":"default_layout","footnotes":""},"categories":[2],"tags":[],"class_list":["post-46172","post","type-post","status-publish","format-standard","has-post-thumbnail","hentry","category-infogral"],"_links":{"self":[{"href":"http:\/\/vocesver.com\/noticias\/wp-json\/wp\/v2\/posts\/46172","targetHints":{"allow":["GET"]}}],"collection":[{"href":"http:\/\/vocesver.com\/noticias\/wp-json\/wp\/v2\/posts"}],"about":[{"href":"http:\/\/vocesver.com\/noticias\/wp-json\/wp\/v2\/types\/post"}],"author":[{"embeddable":true,"href":"http:\/\/vocesver.com\/noticias\/wp-json\/wp\/v2\/users\/2"}],"replies":[{"embeddable":true,"href":"http:\/\/vocesver.com\/noticias\/wp-json\/wp\/v2\/comments?post=46172"}],"version-history":[{"count":1,"href":"http:\/\/vocesver.com\/noticias\/wp-json\/wp\/v2\/posts\/46172\/revisions"}],"predecessor-version":[{"id":46174,"href":"http:\/\/vocesver.com\/noticias\/wp-json\/wp\/v2\/posts\/46172\/revisions\/46174"}],"wp:featuredmedia":[{"embeddable":true,"href":"http:\/\/vocesver.com\/noticias\/wp-json\/wp\/v2\/media\/46176"}],"wp:attachment":[{"href":"http:\/\/vocesver.com\/noticias\/wp-json\/wp\/v2\/media?parent=46172"}],"wp:term":[{"taxonomy":"category","embeddable":true,"href":"http:\/\/vocesver.com\/noticias\/wp-json\/wp\/v2\/categories?post=46172"},{"taxonomy":"post_tag","embeddable":true,"href":"http:\/\/vocesver.com\/noticias\/wp-json\/wp\/v2\/tags?post=46172"}],"curies":[{"name":"wp","href":"https:\/\/api.w.org\/{rel}","templated":true}]}}