{"id":46169,"date":"2025-05-20T15:12:40","date_gmt":"2025-05-20T15:12:40","guid":{"rendered":"http:\/\/vocesver.com\/noticias\/?p=46169"},"modified":"2025-05-20T15:14:30","modified_gmt":"2025-05-20T15:14:30","slug":"alistan-la-primera-gran-expo-ingenierias-dni-2025","status":"publish","type":"post","link":"http:\/\/vocesver.com\/noticias\/alistan-la-primera-gran-expo-ingenierias-dni-2025\/","title":{"rendered":"Alistan la Primera Gran Expo Ingenier\u00edas DNI 2025."},"content":{"rendered":"<br \/>Ser\u00e1 en la Facultad de Ingenier\u00eda de la UV, este 21 de Mayo. <br \/><br \/>Ausencio Rivera\/Vocesver. com\/noticias<br \/><br \/>Veracruz, Ver.. A 19 de Mayo 2025.. En el marco del D\u00eda Nacional del Ingeniero se llevar\u00e1 a cabo la Primera Gran Expo Ingenier\u00edas DNI 2025.<br \/>Al respecto el Ing. Alejandro Vite Mendoza explic\u00f3 que de acuerdo al programa el inicio del acto inaugural ser\u00e1 a las 17 horas en la Facultad de Ingenier\u00eda de la U. Habr\u00e1 talleres, conferencias, cursos, ponencias y mucho m\u00e1s.","protected":false},"excerpt":{"rendered":"<p>Ser\u00e1 en la Facultad de Ingenier\u00eda de la UV, este 21 de Mayo. Ausencio Rivera\/Vocesver. com\/noticias Veracruz, Ver.. A 19<\/p>\n","protected":false},"author":2,"featured_media":46173,"comment_status":"open","ping_status":"open","sticky":false,"template":"","format":"standard","meta":{"colormag_page_container_layout":"default_layout","colormag_page_sidebar_layout":"default_layout","footnotes":""},"categories":[2],"tags":[],"class_list":["post-46169","post","type-post","status-publish","format-standard","has-post-thumbnail","hentry","category-infogral"],"_links":{"self":[{"href":"http:\/\/vocesver.com\/noticias\/wp-json\/wp\/v2\/posts\/46169","targetHints":{"allow":["GET"]}}],"collection":[{"href":"http:\/\/vocesver.com\/noticias\/wp-json\/wp\/v2\/posts"}],"about":[{"href":"http:\/\/vocesver.com\/noticias\/wp-json\/wp\/v2\/types\/post"}],"author":[{"embeddable":true,"href":"http:\/\/vocesver.com\/noticias\/wp-json\/wp\/v2\/users\/2"}],"replies":[{"embeddable":true,"href":"http:\/\/vocesver.com\/noticias\/wp-json\/wp\/v2\/comments?post=46169"}],"version-history":[{"count":1,"href":"http:\/\/vocesver.com\/noticias\/wp-json\/wp\/v2\/posts\/46169\/revisions"}],"predecessor-version":[{"id":46171,"href":"http:\/\/vocesver.com\/noticias\/wp-json\/wp\/v2\/posts\/46169\/revisions\/46171"}],"wp:featuredmedia":[{"embeddable":true,"href":"http:\/\/vocesver.com\/noticias\/wp-json\/wp\/v2\/media\/46173"}],"wp:attachment":[{"href":"http:\/\/vocesver.com\/noticias\/wp-json\/wp\/v2\/media?parent=46169"}],"wp:term":[{"taxonomy":"category","embeddable":true,"href":"http:\/\/vocesver.com\/noticias\/wp-json\/wp\/v2\/categories?post=46169"},{"taxonomy":"post_tag","embeddable":true,"href":"http:\/\/vocesver.com\/noticias\/wp-json\/wp\/v2\/tags?post=46169"}],"curies":[{"name":"wp","href":"https:\/\/api.w.org\/{rel}","templated":true}]}}