{"id":46166,"date":"2025-05-20T15:07:35","date_gmt":"2025-05-20T15:07:35","guid":{"rendered":"http:\/\/vocesver.com\/noticias\/?p=46166"},"modified":"2025-05-20T15:08:33","modified_gmt":"2025-05-20T15:08:33","slug":"jovenes-360-programa-clave-para-el-desarrollo-de-boca-del-rio","status":"publish","type":"post","link":"http:\/\/vocesver.com\/noticias\/jovenes-360-programa-clave-para-el-desarrollo-de-boca-del-rio\/","title":{"rendered":"*J\u00f3venes 360 programa clave para el desarrollo de Boca del R\u00edo*"},"content":{"rendered":"<br \/><br \/>> Visita Bertha Ahued Malpica, candidata a la alcald\u00eda de Boca del R\u00edo por Morena-PVEM, a las familias de la colonia Carranza para escuchar sus solicitudes y proponer soluciones <br \/>Aisencio Rivera\/Vocesver. com\/noticias <br \/>Boca del R\u00edo, Ver. 19 de mayo de 2025.-<br \/>\u00abYa nadie nos detiene\u00bb asegur\u00f3 Bertha Ahued Malpica, candidata a la Presidencia Municipal de Boca del R\u00edo por la coalici\u00f3n Morena-PVEM, al arrancar el d\u00eda 21 de su campa\u00f1a, en el que en esta ocasi\u00f3n, visit\u00f3 a los habitantes de la colonia Carranza.<br \/><br \/>La aspirante a ser la primera alcaldesa electa de Boca del R\u00edo, llev\u00f3 casa por casa su mensaje de desarrollo econ\u00f3mico, tur\u00edstico y social para el municipio destacando su programa J\u00f3venes 360 dise\u00f1ado para apoyar a que los j\u00f3venes terminen sus estudios de bachillerato y profesionalizarlos con alguna carrera u oficio t\u00e9cnico que les brinde la oportunidad de ingresar a la fuerza laboral, pues tambi\u00e9n contar\u00e1 con bolsas de trabajo que se crear\u00e1n gracias a la vinculaci\u00f3n que se llevar\u00e1 a cabo con el sector empresarial, explic\u00f3  Bertha Ahued Malpica.<br \/><br \/>Bertha Ahued Malpica se\u00f1al\u00f3 que la aplicaci\u00f3n del programa J\u00f3venes 360 es uno de los ejes clave para llevar a cabo su principal proyecto de trabajo municipal que es el de detonar a Boca del R\u00edo como un polo tur\u00edstico a nivel nacional e internacional.<br \/><br \/>\u00abA los j\u00f3venes hay que capacitarles cursos de ingl\u00e9s, de autoestima. Todo referente a a este tema que les que insisto mucho de hacer de Boca del R\u00edo, un polo de destino de playa, destino tur\u00edstico. Entonces, hay que crear todas estas perfiles de j\u00f3venes para que puedan emplearse en hoteles, en restaurantes incluso de la construcci\u00f3n porque vamos a tener mucha inversi\u00f3n en construcci\u00f3n tambi\u00e9n\u00bb, se\u00f1al\u00f3 la abanderada de Morena-PVEM.<br \/><br \/>Al platicar con los colonos de la Carranza, la candidata recogi\u00f3 sus principales solicitudes siendo las m\u00e1s frecuentes la vigilancia, pavimentaci\u00f3n y topes en las calles, as\u00ed como la rehabilitaci\u00f3n y reforestaci\u00f3n del parque Solidaridad<br \/><br \/>Finalmente la candidata de Morena-PVEM a la alcald\u00eda de Boca del R\u00edo, Bertha Ahued Malpica invit\u00f3 a todos los y las boque\u00f1as que viven en la colonia Carranza a salir a votar el pr\u00f3ximo 1 de junio para que las propuestas que hoy les present\u00f3 sean una realidad.<br \/><br \/><br \/><br \/>Obtener Outlook para Android","protected":false},"excerpt":{"rendered":"<p>> Visita Bertha Ahued Malpica, candidata a la alcald\u00eda de Boca del R\u00edo por Morena-PVEM, a las familias de la<\/p>\n","protected":false},"author":2,"featured_media":46170,"comment_status":"open","ping_status":"open","sticky":false,"template":"","format":"standard","meta":{"colormag_page_container_layout":"default_layout","colormag_page_sidebar_layout":"default_layout","footnotes":""},"categories":[2],"tags":[],"class_list":["post-46166","post","type-post","status-publish","format-standard","has-post-thumbnail","hentry","category-infogral"],"_links":{"self":[{"href":"http:\/\/vocesver.com\/noticias\/wp-json\/wp\/v2\/posts\/46166","targetHints":{"allow":["GET"]}}],"collection":[{"href":"http:\/\/vocesver.com\/noticias\/wp-json\/wp\/v2\/posts"}],"about":[{"href":"http:\/\/vocesver.com\/noticias\/wp-json\/wp\/v2\/types\/post"}],"author":[{"embeddable":true,"href":"http:\/\/vocesver.com\/noticias\/wp-json\/wp\/v2\/users\/2"}],"replies":[{"embeddable":true,"href":"http:\/\/vocesver.com\/noticias\/wp-json\/wp\/v2\/comments?post=46166"}],"version-history":[{"count":1,"href":"http:\/\/vocesver.com\/noticias\/wp-json\/wp\/v2\/posts\/46166\/revisions"}],"predecessor-version":[{"id":46168,"href":"http:\/\/vocesver.com\/noticias\/wp-json\/wp\/v2\/posts\/46166\/revisions\/46168"}],"wp:featuredmedia":[{"embeddable":true,"href":"http:\/\/vocesver.com\/noticias\/wp-json\/wp\/v2\/media\/46170"}],"wp:attachment":[{"href":"http:\/\/vocesver.com\/noticias\/wp-json\/wp\/v2\/media?parent=46166"}],"wp:term":[{"taxonomy":"category","embeddable":true,"href":"http:\/\/vocesver.com\/noticias\/wp-json\/wp\/v2\/categories?post=46166"},{"taxonomy":"post_tag","embeddable":true,"href":"http:\/\/vocesver.com\/noticias\/wp-json\/wp\/v2\/tags?post=46166"}],"curies":[{"name":"wp","href":"https:\/\/api.w.org\/{rel}","templated":true}]}}