{"id":46163,"date":"2025-05-19T23:54:56","date_gmt":"2025-05-19T23:54:56","guid":{"rendered":"http:\/\/vocesver.com\/noticias\/?p=46163"},"modified":"2025-05-20T00:12:03","modified_gmt":"2025-05-20T00:12:03","slug":"coordinacion-total-con-el-sector-industrial-para-impulsar-economia-de-veracruz-rosa-maria","status":"publish","type":"post","link":"http:\/\/vocesver.com\/noticias\/coordinacion-total-con-el-sector-industrial-para-impulsar-economia-de-veracruz-rosa-maria\/","title":{"rendered":"*Coordinaci\u00f3n total con el sector industrial para impulsar econom\u00eda de Veracruz: Rosa Mar\u00eda*"},"content":{"rendered":"<br \/><br \/>***La candidata de MORENA-PVEM a la alcald\u00eda de Veracruz, se reuni\u00f3 con empresarios de Ciudad Bruno Pagliai.<br \/><br \/>Ausencio Rivera\/Vocesver.com\/noticias <br \/><br \/>Veracruz, Ver. 19 de mayo de 2025.- La candidata a la presidencia municipal de Veracruz por Morena-PVEM, Rosa Mar\u00eda Hern\u00e1ndez Espejo, acudi\u00f3 a la invitaci\u00f3n que le hicieran empresarios que integran la Asociaci\u00f3n de Industriales de Ciudad Bruno Pagliai, con quienes coincidi\u00f3 en la necesidad de emprender acciones inmediatas que mejoren las condiciones de infraestructura, movilidad y servicios en esta importante zona econ\u00f3mica del municipio.<br \/><br \/>Durante su intervenci\u00f3n, Rosa Mar\u00eda subray\u00f3 que el gobierno municipal debe ser un facilitador del desarrollo econ\u00f3mico, por lo que desde el primer d\u00eda de su administraci\u00f3n trabajar\u00e1 en coordinaci\u00f3n con el sector industrial para atender temas urgentes como el alumbrado p\u00fablico, la recolecci\u00f3n de basura y el servicio de agua potable.<br \/><br \/>\u201cVamos a trabajar desde el primer minuto del d\u00eda uno para iluminar la ciudad. Vamos a resolver el servicio de limpia p\u00fablica\u2026 y ustedes podr\u00e1n tener en una servidora una total y absoluta coordinaci\u00f3n de trabajo\u201d, expres\u00f3 la abanderada morenista, quien tambi\u00e9n reconoci\u00f3 el papel estrat\u00e9gico de la Ciudad Industrial para el crecimiento econ\u00f3mico local y reiter\u00f3 su intenci\u00f3n de establecer un gobierno cercano, honesto y eficiente.<br \/><br \/>Finalmente, se\u00f1al\u00f3 que su equipo ya trabaja en un plan de los primeros cien d\u00edas, en el que se priorizar\u00e1n servicios p\u00fablicos, infraestructura y seguridad, con la meta de sentar las bases de una transformaci\u00f3n profunda para el municipio de Veracruz.<br \/><br \/>*Recorridos en zona rural: Santa Fe, Vargas y San Juan*<br \/><br \/>Como parte de las actividades de campa\u00f1a, la tarde de este lunes, Rosa Mar\u00eda recorri\u00f3 las comunidades de Santa Fe, Vargas y San Juan, donde fue recibida por vecinas y vecinos que expresaron su preocupaci\u00f3n por el abandono en que se encuentra la zona rural y le otorgaron su confianza rumbo a las elecciones del 1 de junio, cuando se consolide la Cuarta Transformaci\u00f3n en Veracruz. <br \/><br \/>Durante estas caminatas y en la asamblea informativa, la candidata present\u00f3 sus propuestas para llevar desarrollo, servicios dignos y atenci\u00f3n permanente a estas localidades, que han sido olvidadas por las administraciones actuales, pero que tambi\u00e9n son parte fundamental del municipio.<br \/><br \/><br \/><br \/><br \/>","protected":false},"excerpt":{"rendered":"<p>***La candidata de MORENA-PVEM a la alcald\u00eda de Veracruz, se reuni\u00f3 con empresarios de Ciudad Bruno Pagliai. Ausencio Rivera\/Vocesver.com\/noticias Veracruz,<\/p>\n","protected":false},"author":2,"featured_media":46167,"comment_status":"open","ping_status":"open","sticky":false,"template":"","format":"standard","meta":{"colormag_page_container_layout":"default_layout","colormag_page_sidebar_layout":"default_layout","footnotes":""},"categories":[2],"tags":[],"class_list":["post-46163","post","type-post","status-publish","format-standard","has-post-thumbnail","hentry","category-infogral"],"_links":{"self":[{"href":"http:\/\/vocesver.com\/noticias\/wp-json\/wp\/v2\/posts\/46163","targetHints":{"allow":["GET"]}}],"collection":[{"href":"http:\/\/vocesver.com\/noticias\/wp-json\/wp\/v2\/posts"}],"about":[{"href":"http:\/\/vocesver.com\/noticias\/wp-json\/wp\/v2\/types\/post"}],"author":[{"embeddable":true,"href":"http:\/\/vocesver.com\/noticias\/wp-json\/wp\/v2\/users\/2"}],"replies":[{"embeddable":true,"href":"http:\/\/vocesver.com\/noticias\/wp-json\/wp\/v2\/comments?post=46163"}],"version-history":[{"count":1,"href":"http:\/\/vocesver.com\/noticias\/wp-json\/wp\/v2\/posts\/46163\/revisions"}],"predecessor-version":[{"id":46165,"href":"http:\/\/vocesver.com\/noticias\/wp-json\/wp\/v2\/posts\/46163\/revisions\/46165"}],"wp:featuredmedia":[{"embeddable":true,"href":"http:\/\/vocesver.com\/noticias\/wp-json\/wp\/v2\/media\/46167"}],"wp:attachment":[{"href":"http:\/\/vocesver.com\/noticias\/wp-json\/wp\/v2\/media?parent=46163"}],"wp:term":[{"taxonomy":"category","embeddable":true,"href":"http:\/\/vocesver.com\/noticias\/wp-json\/wp\/v2\/categories?post=46163"},{"taxonomy":"post_tag","embeddable":true,"href":"http:\/\/vocesver.com\/noticias\/wp-json\/wp\/v2\/tags?post=46163"}],"curies":[{"name":"wp","href":"https:\/\/api.w.org\/{rel}","templated":true}]}}