{"id":46155,"date":"2025-05-19T23:47:02","date_gmt":"2025-05-19T23:47:02","guid":{"rendered":"http:\/\/vocesver.com\/noticias\/?p=46155"},"modified":"2025-05-19T23:47:12","modified_gmt":"2025-05-19T23:47:12","slug":"alrededor-de-4-mil-elementos-resguardan-la-seguridad-previo-a-elecciones-rocio-nahle","status":"publish","type":"post","link":"http:\/\/vocesver.com\/noticias\/alrededor-de-4-mil-elementos-resguardan-la-seguridad-previo-a-elecciones-rocio-nahle\/","title":{"rendered":"Alrededor de 4 mil elementos resguardan la seguridad previo a elecciones: Roc\u00edo  Nahle"},"content":{"rendered":"<br \/>Ausencio Rivera \/Vocesver. com\/noticias <br \/>Xalapa, Ver., lunes 19 de mayo de 2025.- El Gobierno de Veracruz est\u00e1 preparado para <br \/>garantizar que la jornada electoral del domingo 01 de junio transcurra en un ambiente de <br \/>paz, legalidad y respeto pleno a la voluntad popular.<br \/>En conferencia de prensa, la gobernadora Roc\u00edo Nahle Garc\u00eda inform\u00f3 que, al d\u00eda de hoy,<br \/>se cuenta con el refuerzo de mil elementos adicionales de la Guardia Nacional desplegados <br \/>en la entidad, sumados a los 2 mil 600 ya presentes. <br \/>Agradeci\u00f3 a la presidenta de la Rep\u00fablica, Claudia Sheinbaum Pardo y a la Fiscal\u00eda <br \/>General de la Rep\u00fablica el despliegue de 340 elementos de la Agencia de Investigaci\u00f3n <br \/>Criminal en la zona conurbada Veracruz\u2013Boca del R\u00edo.<br \/>Inform\u00f3 que a la fecha, a trav\u00e9s de la Secretar\u00eda de Seguridad P\u00fablica, han acompa\u00f1ado <br \/>750 eventos proselitistas en todo el territorio y atendido 109 solicitudes de seguridad por <br \/>parte de aspirantes, canalizadas a trav\u00e9s de la Secretar\u00eda de Gobierno y del Organismo <br \/>P\u00fablico Local Electoral.<br \/>Finalmente, reiter\u00f3 la invitaci\u00f3n a la poblaci\u00f3n para que salga a votar, \u201cVeracruz es un <br \/>pueblo del tama\u00f1o gigante. Hace un a\u00f1o el pueblo sali\u00f3 a votar, a decidir de forma libre y <br \/>soberana. Estoy segura de que ahora volver\u00e1 a hacerlo. Nos toca cuidar que este proceso <br \/>se d\u00e9 de forma democr\u00e1tica y plural\u201d.<br \/>","protected":false},"excerpt":{"rendered":"<p>Ausencio Rivera \/Vocesver. com\/noticias Xalapa, Ver., lunes 19 de mayo de 2025.- El Gobierno de Veracruz est\u00e1 preparado para garantizar<\/p>\n","protected":false},"author":2,"featured_media":46164,"comment_status":"open","ping_status":"open","sticky":false,"template":"","format":"standard","meta":{"colormag_page_container_layout":"default_layout","colormag_page_sidebar_layout":"default_layout","footnotes":""},"categories":[2],"tags":[],"class_list":["post-46155","post","type-post","status-publish","format-standard","has-post-thumbnail","hentry","category-infogral"],"_links":{"self":[{"href":"http:\/\/vocesver.com\/noticias\/wp-json\/wp\/v2\/posts\/46155","targetHints":{"allow":["GET"]}}],"collection":[{"href":"http:\/\/vocesver.com\/noticias\/wp-json\/wp\/v2\/posts"}],"about":[{"href":"http:\/\/vocesver.com\/noticias\/wp-json\/wp\/v2\/types\/post"}],"author":[{"embeddable":true,"href":"http:\/\/vocesver.com\/noticias\/wp-json\/wp\/v2\/users\/2"}],"replies":[{"embeddable":true,"href":"http:\/\/vocesver.com\/noticias\/wp-json\/wp\/v2\/comments?post=46155"}],"version-history":[{"count":1,"href":"http:\/\/vocesver.com\/noticias\/wp-json\/wp\/v2\/posts\/46155\/revisions"}],"predecessor-version":[{"id":46162,"href":"http:\/\/vocesver.com\/noticias\/wp-json\/wp\/v2\/posts\/46155\/revisions\/46162"}],"wp:featuredmedia":[{"embeddable":true,"href":"http:\/\/vocesver.com\/noticias\/wp-json\/wp\/v2\/media\/46164"}],"wp:attachment":[{"href":"http:\/\/vocesver.com\/noticias\/wp-json\/wp\/v2\/media?parent=46155"}],"wp:term":[{"taxonomy":"category","embeddable":true,"href":"http:\/\/vocesver.com\/noticias\/wp-json\/wp\/v2\/categories?post=46155"},{"taxonomy":"post_tag","embeddable":true,"href":"http:\/\/vocesver.com\/noticias\/wp-json\/wp\/v2\/tags?post=46155"}],"curies":[{"name":"wp","href":"https:\/\/api.w.org\/{rel}","templated":true}]}}