{"id":46148,"date":"2025-05-19T22:34:17","date_gmt":"2025-05-19T22:34:17","guid":{"rendered":"http:\/\/vocesver.com\/noticias\/?p=46148"},"modified":"2025-05-19T22:37:01","modified_gmt":"2025-05-19T22:37:01","slug":"juventudes-morenistas-confian-en-el-triunfo-de-rosa-maria-hernandez-espejoherrera-bravo","status":"publish","type":"post","link":"http:\/\/vocesver.com\/noticias\/juventudes-morenistas-confian-en-el-triunfo-de-rosa-maria-hernandez-espejoherrera-bravo\/","title":{"rendered":"JUVENTUDES MORENISTAS CONF\u00cdAN EN EL TRIUNFO DE ROSA MARIA HERNANDEZ ESPEJO:HERRERA BRAVO"},"content":{"rendered":"AUSENCIO RIVERA\/VOCESVER.COM\/NOTICIAS<br \/><br \/>Veracruz,Ver. a 19 de Mayo 2025\u2026Por considerar que es el mejor proyecto para transformar al municipio de Veracruz,un ej\u00e9rcito de j\u00f3venes morenistas trabajan d\u00eda y y noche para llevar al triunfo a la candidata de Morena a la alcald\u00eda de Veracruz Rosa Mar\u00eda Hern\u00e1ndez Espejo este 1 de Junio.<br \/>Lo anterior lo dio a conocer en conferencia de medios Kevin Alexis Herrera Bravo coordinador de Juventudes de Morena Veracruz Puerto\u00bb para hacer una cordial invitaci\u00f3n a la juventud en general para que se sumen a este proyecto ya que ellos<br \/>al pertenecer a \u00e9ste movimiento se han dado cuenta que es la mejor opci\u00f3n.<br \/>Al se\u00f1alar nosotros formamos parte de esta campa\u00f1a desde el d\u00eda en que \u00e9sta inicio y desde esa fecha hemos estado caminando d\u00eda tarde y noche ,<br \/>Al reiterar dese desde ese d\u00eda hemos \u00absudado la camiseta\u00bb con el fin de respaldar a la Maestra Rosa Mar\u00eda Hern\u00e1ndez Espejo y por lo mismo estamos seguros que saldr\u00e1 victoriosa en esta contienda.<br \/>Ante exhortamos a todas las juventudes a que se sumen este movimiento de transformaci\u00f3n que es lo que se necesita para hacer de Veracruz un verdadero polo de desarrollo y cambiar muchas cosas que estos momentos le dan una mala imagen.<br \/>Acompa\u00f1ado de otros dirigentes juveniles el entrevistado destac\u00f3 que desde el primer d\u00eda de Gobierno de Rosa Mar\u00eda vendr\u00e1 una Ciudad m\u00e1s Limpia,una ciudad con \u00e1reas recreativas y se fomente el deporte para los j\u00f3venes.<br \/>Dijo que el municipio necesita un agenda joven creada y lidereada por j\u00f3venes, \u00b4or ello nosotros trabajaremos para impulsar por una educaci\u00f3n p\u00fablica y de calidad , sobre todo que haya m\u00e1s espacios recreativos y culturales, Que haya empleos dignos y oportunidades para crecer, existan pol\u00edticas con perspectivas j\u00f3venes y de respeto a la biodiversidad entre otros,<br \/>Herrera Bravo dijo a que debido a diariamente se suman m\u00e1s ciudadanos a este movimiento de transformaci\u00f3n el triunfo de Rosa Mar\u00eda es inminente.<br \/>Por otro lado dijo que con la incorporaci\u00f3n de Diana P\u00e9rez en la planilla de gobierno de la Candidata de Morena los j\u00f3venes est\u00e1n bien representados, pues se trata de un chica joven que proviene de la cultura del esfuerzo y conoce a la perfecci\u00f3n las necesidades de las juventudes porte\u00f1as.<br \/><br \/><br \/><br \/><br \/><br \/>","protected":false},"excerpt":{"rendered":"<p>AUSENCIO RIVERA\/VOCESVER.COM\/NOTICIAS Veracruz,Ver. a 19 de Mayo 2025\u2026Por considerar que es el mejor proyecto para transformar al municipio de Veracruz,un<\/p>\n","protected":false},"author":2,"featured_media":46151,"comment_status":"open","ping_status":"open","sticky":false,"template":"","format":"standard","meta":{"colormag_page_container_layout":"default_layout","colormag_page_sidebar_layout":"default_layout","footnotes":""},"categories":[2],"tags":[],"class_list":["post-46148","post","type-post","status-publish","format-standard","has-post-thumbnail","hentry","category-infogral"],"_links":{"self":[{"href":"http:\/\/vocesver.com\/noticias\/wp-json\/wp\/v2\/posts\/46148","targetHints":{"allow":["GET"]}}],"collection":[{"href":"http:\/\/vocesver.com\/noticias\/wp-json\/wp\/v2\/posts"}],"about":[{"href":"http:\/\/vocesver.com\/noticias\/wp-json\/wp\/v2\/types\/post"}],"author":[{"embeddable":true,"href":"http:\/\/vocesver.com\/noticias\/wp-json\/wp\/v2\/users\/2"}],"replies":[{"embeddable":true,"href":"http:\/\/vocesver.com\/noticias\/wp-json\/wp\/v2\/comments?post=46148"}],"version-history":[{"count":1,"href":"http:\/\/vocesver.com\/noticias\/wp-json\/wp\/v2\/posts\/46148\/revisions"}],"predecessor-version":[{"id":46149,"href":"http:\/\/vocesver.com\/noticias\/wp-json\/wp\/v2\/posts\/46148\/revisions\/46149"}],"wp:featuredmedia":[{"embeddable":true,"href":"http:\/\/vocesver.com\/noticias\/wp-json\/wp\/v2\/media\/46151"}],"wp:attachment":[{"href":"http:\/\/vocesver.com\/noticias\/wp-json\/wp\/v2\/media?parent=46148"}],"wp:term":[{"taxonomy":"category","embeddable":true,"href":"http:\/\/vocesver.com\/noticias\/wp-json\/wp\/v2\/categories?post=46148"},{"taxonomy":"post_tag","embeddable":true,"href":"http:\/\/vocesver.com\/noticias\/wp-json\/wp\/v2\/tags?post=46148"}],"curies":[{"name":"wp","href":"https:\/\/api.w.org\/{rel}","templated":true}]}}