{"id":46134,"date":"2025-05-19T14:29:14","date_gmt":"2025-05-19T14:29:14","guid":{"rendered":"http:\/\/vocesver.com\/noticias\/?p=46134"},"modified":"2025-05-19T14:30:15","modified_gmt":"2025-05-19T14:30:15","slug":"recorre-la-candidata-de-morena-pvem-el-tianguis-de-la-colonia-carranza-para-escuchar-a-los-locatarios","status":"publish","type":"post","link":"http:\/\/vocesver.com\/noticias\/recorre-la-candidata-de-morena-pvem-el-tianguis-de-la-colonia-carranza-para-escuchar-a-los-locatarios\/","title":{"rendered":"*Recorre la candidata de Morena-PVEM el Tianguis de la colonia Carranza para escuchar a los locatarios*"},"content":{"rendered":"<br \/><br \/>> Presenta a los habitantes del fraccionamiento Las Am\u00e9ricas su proyecto de Contralor\u00eda Ciudadana <br \/><br \/>> Se compromete con las familias del fraccionamiento Virginia a implementar programas que beneficien a mujeres y ni\u00f1os<br \/><br \/>Ausencio Rivera \/Vocesver. com\/noticias <br \/><br \/>Boca del R\u00edo, Ver. 18 de mayo de 2025.-<br \/>En un ambiente de fiesta, Bertha Ahued Malpica, candidata de Morena-PVEM a la Presidencia Municipal de Boca del R\u00edo, recorri\u00f3 el Tianguis de la colonia Carranza, <br \/>visit\u00f3 a cada uno de los locatarios para escucharlos y platicarles sobre su proyecto de gobierno municipal de cara a las pr\u00f3ximas elecciones este 1 de junio.<br \/><br \/>Bertha Ahued Malpica reiter\u00f3 su compromiso de trabajar en un Ayuntamiento de puertas abiertas, cercano al pueblo, pero sobre todo con honestidad y transparencia, para que los recursos se vean reflejados en obras y servicios p\u00fablicos de calidad.<br \/><br \/>Posteriormente, la candidata se traslad\u00f3 al fraccionamiento Las Am\u00e9ricas donde se reuni\u00f3 con habitantes de la zona para darles a conocer su plan de trabajo en el que destac\u00f3 el desarrollo de espacios clave para Boca del R\u00edo.<br \/><br \/>Bertha Ahued Malpica explic\u00f3 que instalar\u00e1 una Contralor\u00eda Ciudadana conformada por personas de los distintos sectores sociales, que vigile el proceso, desde la planeaci\u00f3n hasta la entrega, de las obras p\u00fablicas que se realicen.<br \/><br \/>Destac\u00f3 que una de las prioridades de su pr\u00f3ximo gobierno ser\u00e1 el crear y adaptar espacios p\u00fablicos con infraestructura incluyente que permita la movilidad a las personas con discapacidades.<br \/><br \/>M\u00e1s tarde, la abanderada de Morena-PVEM se reuni\u00f3 con las familias del fraccionamiento Virginia con quienes tambi\u00e9n comparti\u00f3 su visi\u00f3n de desarrollo econ\u00f3mico y social para Boca del R\u00edo.<br \/><br \/>Ante las familias, la candidata a la alcald\u00eda boque\u00f1a explic\u00f3 que con su programa Boquinfancia buscar\u00e1 replicar los CAM en todas las colonias para que ni\u00f1os y ni\u00f1as con discapacidad o condiciones  de neurodesarrollo sean atendidos por personal profesional capacitado.<br \/><br \/>Indic\u00f3 que el programa Boque\u00f1a Fuerte estar\u00e1 enfocado en apoyar con capacitaciones, talleres y acceso a microcr\u00e9ditos a las emprendedoras para que se conviertan en empresarias, porque la libertad econ\u00f3mica tambi\u00e9n les ayuda a salir de un entorno de violencia y construir una nueva vida.<br \/><br \/>Finalmente, Bertha Ahued Malpica, candidata de la alianza Morena-PVEM a la alcald\u00eda de Boca del R\u00edo invit\u00f3 a todos las y los boque\u00f1os a votar este 1 junio para que sus propuestas de campa\u00f1a sean una realidad en el municipio.<br \/><br \/><br \/><br \/><br \/><br \/>","protected":false},"excerpt":{"rendered":"<p>> Presenta a los habitantes del fraccionamiento Las Am\u00e9ricas su proyecto de Contralor\u00eda Ciudadana > Se compromete con las familias<\/p>\n","protected":false},"author":2,"featured_media":46143,"comment_status":"open","ping_status":"open","sticky":false,"template":"","format":"standard","meta":{"colormag_page_container_layout":"default_layout","colormag_page_sidebar_layout":"default_layout","footnotes":""},"categories":[2],"tags":[],"class_list":["post-46134","post","type-post","status-publish","format-standard","has-post-thumbnail","hentry","category-infogral"],"_links":{"self":[{"href":"http:\/\/vocesver.com\/noticias\/wp-json\/wp\/v2\/posts\/46134","targetHints":{"allow":["GET"]}}],"collection":[{"href":"http:\/\/vocesver.com\/noticias\/wp-json\/wp\/v2\/posts"}],"about":[{"href":"http:\/\/vocesver.com\/noticias\/wp-json\/wp\/v2\/types\/post"}],"author":[{"embeddable":true,"href":"http:\/\/vocesver.com\/noticias\/wp-json\/wp\/v2\/users\/2"}],"replies":[{"embeddable":true,"href":"http:\/\/vocesver.com\/noticias\/wp-json\/wp\/v2\/comments?post=46134"}],"version-history":[{"count":1,"href":"http:\/\/vocesver.com\/noticias\/wp-json\/wp\/v2\/posts\/46134\/revisions"}],"predecessor-version":[{"id":46141,"href":"http:\/\/vocesver.com\/noticias\/wp-json\/wp\/v2\/posts\/46134\/revisions\/46141"}],"wp:featuredmedia":[{"embeddable":true,"href":"http:\/\/vocesver.com\/noticias\/wp-json\/wp\/v2\/media\/46143"}],"wp:attachment":[{"href":"http:\/\/vocesver.com\/noticias\/wp-json\/wp\/v2\/media?parent=46134"}],"wp:term":[{"taxonomy":"category","embeddable":true,"href":"http:\/\/vocesver.com\/noticias\/wp-json\/wp\/v2\/categories?post=46134"},{"taxonomy":"post_tag","embeddable":true,"href":"http:\/\/vocesver.com\/noticias\/wp-json\/wp\/v2\/tags?post=46134"}],"curies":[{"name":"wp","href":"https:\/\/api.w.org\/{rel}","templated":true}]}}