{"id":46130,"date":"2025-05-16T22:46:42","date_gmt":"2025-05-16T22:46:42","guid":{"rendered":"http:\/\/vocesver.com\/noticias\/?p=46130"},"modified":"2025-05-16T23:01:27","modified_gmt":"2025-05-16T23:01:27","slug":"justicia-social-para-todos-los-mexicanosjavier-molina","status":"publish","type":"post","link":"http:\/\/vocesver.com\/noticias\/justicia-social-para-todos-los-mexicanosjavier-molina\/","title":{"rendered":"JUSTICIA SOCIAL PARA TODOS LOS MEXICANOS:JAVIER MOLINA"},"content":{"rendered":"\n<p><br>El candidato a Ministro de la Suprema Corte visit\u00f3 el puerto de Veracruz.<br>El oriundo de Chihuahua fue recibido por el dirigente sindical de los Ferrocarrileros Hilario Lagunes y decenas de trabajadores.<br>Ha la fecha m\u00e1s de 600 personas han firmado sus tres compromisos de campa\u00f1a en los lugares que ha visitado,,m\u00e1s los que se sumen en este puerto.<br>AUSENCIIO RIVERA\/VOCESVER.COM\/N0TCIAS<br>Veracruz, Ver.. A 16 de Mayo 2025.. El candidato a Ministro de la Suprema Corte Sergio Javier Molina visit\u00f3 el medio d\u00eda de este viernes el puerto de Veracruz,tras recorrer San Nicol\u00e1s de los Garza y Ciudad Neza donde firm\u00f3 por escrito sus tres compromisos de campa\u00f1a con los ciudadanos. <br>Entrevistado por el equipo informativo de Vocesver.com\/noticias frente a la Plaza de la Rep\u00fablica el joven candidato quien es oriundo de Chihuahua fue recibido por el dirigente sindical del Sindicato Ferrocarrilero de este puerto Hilario Lagunes Flores y decenas de trabajadores del riel que simpatizan con sus propuestas. Dijo que en la boleta morada aparece con el n\u00famero 55,al tiempo que explic\u00f3 si  el voto ciudadano\u00bb me favoreced el pr\u00f3ximo 1 de Junio \u00abpugnar\u00e9 por una justicia cercana a la gente\u00bb.<br>Explic\u00f3 que tras recorrer San Nicol\u00e1s de los Garza y Ciudad Neza hasta el momento han firmado sus tres compromisos de campa\u00f1a m\u00e1s de 600 personas, m\u00e1s los que se acumulen en esta Ciudad confiando que ser\u00edan unos ciento m\u00e1s debido a la importancia de sus propuestas.<br> Puntualiz\u00f3 que entre sus propuestas de campa\u00f1a destacan :Justicia Social para todos, Justicia Sin Formalismos y Justicia sin Privilegios.<br>Explic\u00f3 caminar\u00e9 con el pueblo con honestidad para construir una sociedad m\u00e1s justa , trabajar\u00e9 incansablemente para evitar una ley lenta, insensible y alejada de la realidad.<br>Algo importante lucher\u00e9 para que la ley proteja a todas y todos, por igual, sin distinciones y sin influencias<\/p>\n","protected":false},"excerpt":{"rendered":"<p>El candidato a Ministro de la Suprema Corte visit\u00f3 el puerto de Veracruz.El oriundo de Chihuahua fue recibido por el<\/p>\n","protected":false},"author":2,"featured_media":46136,"comment_status":"open","ping_status":"open","sticky":false,"template":"","format":"standard","meta":{"colormag_page_container_layout":"default_layout","colormag_page_sidebar_layout":"default_layout","footnotes":""},"categories":[2],"tags":[],"class_list":["post-46130","post","type-post","status-publish","format-standard","has-post-thumbnail","hentry","category-infogral"],"_links":{"self":[{"href":"http:\/\/vocesver.com\/noticias\/wp-json\/wp\/v2\/posts\/46130","targetHints":{"allow":["GET"]}}],"collection":[{"href":"http:\/\/vocesver.com\/noticias\/wp-json\/wp\/v2\/posts"}],"about":[{"href":"http:\/\/vocesver.com\/noticias\/wp-json\/wp\/v2\/types\/post"}],"author":[{"embeddable":true,"href":"http:\/\/vocesver.com\/noticias\/wp-json\/wp\/v2\/users\/2"}],"replies":[{"embeddable":true,"href":"http:\/\/vocesver.com\/noticias\/wp-json\/wp\/v2\/comments?post=46130"}],"version-history":[{"count":5,"href":"http:\/\/vocesver.com\/noticias\/wp-json\/wp\/v2\/posts\/46130\/revisions"}],"predecessor-version":[{"id":46140,"href":"http:\/\/vocesver.com\/noticias\/wp-json\/wp\/v2\/posts\/46130\/revisions\/46140"}],"wp:featuredmedia":[{"embeddable":true,"href":"http:\/\/vocesver.com\/noticias\/wp-json\/wp\/v2\/media\/46136"}],"wp:attachment":[{"href":"http:\/\/vocesver.com\/noticias\/wp-json\/wp\/v2\/media?parent=46130"}],"wp:term":[{"taxonomy":"category","embeddable":true,"href":"http:\/\/vocesver.com\/noticias\/wp-json\/wp\/v2\/categories?post=46130"},{"taxonomy":"post_tag","embeddable":true,"href":"http:\/\/vocesver.com\/noticias\/wp-json\/wp\/v2\/tags?post=46130"}],"curies":[{"name":"wp","href":"https:\/\/api.w.org\/{rel}","templated":true}]}}