{"id":46120,"date":"2025-05-16T21:43:25","date_gmt":"2025-05-16T21:43:25","guid":{"rendered":"http:\/\/vocesver.com\/noticias\/?p=46120"},"modified":"2025-05-16T21:49:33","modified_gmt":"2025-05-16T21:49:33","slug":"vamos-a-impulsar-la-cultura-para-rescatar-la-identidad-portena-rosa-maria","status":"publish","type":"post","link":"http:\/\/vocesver.com\/noticias\/vamos-a-impulsar-la-cultura-para-rescatar-la-identidad-portena-rosa-maria\/","title":{"rendered":"*Vamos a impulsar la cultura para rescatar la identidad porte\u00f1a: Rosa Mar\u00eda*"},"content":{"rendered":"<br \/><br \/>***La candidata de MORENA\u2013PVEM se reuni\u00f3 con integrantes de la ARTVER para trazar juntos el renacer cultural de Veracruz.<br \/><br \/>Mat\u00edas Melchor \/Ausencio Rivera \/Vocesver. com\/noticias <br \/>Veracruz, Ver. 16 de mayo de 2025.- En un encuentro en donde los miembros de ARTVER coincidieron con Rosa Mar\u00eda Hern\u00e1ndez Espejo en la urgencia de rescatar la identidad  y honrar la esencia porte\u00f1a, la candidata de la coalici\u00f3n MORENA\u2013PVEM present\u00f3 sus propuestas para convertir el abandono cultural en un escenario vibrante de tradici\u00f3n y creatividad.<br \/><br \/>Durante la reuni\u00f3n, Rosa Mar\u00eda revel\u00f3 actualmente que solo se destinan 27 millones de pesos al programa de cultura del Ayuntamiento, frente a un presupuesto anual de casi 4 000 millones, ante lo que propuso separar las comisiones de Turismo y Cultura para garantizar recursos claros y dise\u00f1ar una agenda art\u00edstica con un a\u00f1o de antelaci\u00f3n.<br \/><br \/>Entre sus iniciativas destac\u00f3 la recuperaci\u00f3n de espacios p\u00fablicos para la m\u00fasica tradicional: retomar los \u201cJueves del Son\u201d en el Callej\u00f3n de la Lagunilla, celebrar un festival de poes\u00eda en honor a Salvador D\u00edaz Mir\u00f3n y reintegrar la marimba y el danz\u00f3n a los portales del centro hist\u00f3rico. Asimismo, plante\u00f3 residencias art\u00edsticas y un festival anual de comparsas que regrese el Carnaval a su fecha original y car\u00e1cter familiar.<br \/><br \/>Rosa Mar\u00eda anunci\u00f3 tambi\u00e9n un mapa cultural interactivo y m\u00f3dulos informativos en hoteles y el aeropuerto para orientar a turistas y veracruzanos sobre la oferta local, acciones con las que se impulsar\u00e1 la cultura y el arte, convirti\u00e9ndolas en motores de desarrollo, inclusi\u00f3n y orgullo porte\u00f1o.<br \/><br \/>*Recorrido en el \u201cRosa M\u00f3vil\u201d*<br \/><br \/>Posteriormente, la candidata morenista continu\u00f3 sus recorridos en colonias del puerto, a bordo del \u201cRosa M\u00f3vil\u201d y bajo el sol inclemente que provoc\u00f3 temperaturas de hasta 40 grados sensaci\u00f3n t\u00e9rmica, salud\u00f3 a las y los vecinos en las colonias Cuauht\u00e9moc y L\u00f3pez Mateos, quienes le brindaron su apoyo rumbo al 1 de junio.<br \/><br \/><br \/><br \/><br \/><br \/><br \/>","protected":false},"excerpt":{"rendered":"<p>***La candidata de MORENA\u2013PVEM se reuni\u00f3 con integrantes de la ARTVER para trazar juntos el renacer cultural de Veracruz. Mat\u00edas<\/p>\n","protected":false},"author":2,"featured_media":46125,"comment_status":"open","ping_status":"open","sticky":false,"template":"","format":"standard","meta":{"colormag_page_container_layout":"default_layout","colormag_page_sidebar_layout":"default_layout","footnotes":""},"categories":[2],"tags":[],"class_list":["post-46120","post","type-post","status-publish","format-standard","has-post-thumbnail","hentry","category-infogral"],"_links":{"self":[{"href":"http:\/\/vocesver.com\/noticias\/wp-json\/wp\/v2\/posts\/46120","targetHints":{"allow":["GET"]}}],"collection":[{"href":"http:\/\/vocesver.com\/noticias\/wp-json\/wp\/v2\/posts"}],"about":[{"href":"http:\/\/vocesver.com\/noticias\/wp-json\/wp\/v2\/types\/post"}],"author":[{"embeddable":true,"href":"http:\/\/vocesver.com\/noticias\/wp-json\/wp\/v2\/users\/2"}],"replies":[{"embeddable":true,"href":"http:\/\/vocesver.com\/noticias\/wp-json\/wp\/v2\/comments?post=46120"}],"version-history":[{"count":1,"href":"http:\/\/vocesver.com\/noticias\/wp-json\/wp\/v2\/posts\/46120\/revisions"}],"predecessor-version":[{"id":46122,"href":"http:\/\/vocesver.com\/noticias\/wp-json\/wp\/v2\/posts\/46120\/revisions\/46122"}],"wp:featuredmedia":[{"embeddable":true,"href":"http:\/\/vocesver.com\/noticias\/wp-json\/wp\/v2\/media\/46125"}],"wp:attachment":[{"href":"http:\/\/vocesver.com\/noticias\/wp-json\/wp\/v2\/media?parent=46120"}],"wp:term":[{"taxonomy":"category","embeddable":true,"href":"http:\/\/vocesver.com\/noticias\/wp-json\/wp\/v2\/categories?post=46120"},{"taxonomy":"post_tag","embeddable":true,"href":"http:\/\/vocesver.com\/noticias\/wp-json\/wp\/v2\/tags?post=46120"}],"curies":[{"name":"wp","href":"https:\/\/api.w.org\/{rel}","templated":true}]}}