{"id":46024,"date":"2025-05-12T21:57:47","date_gmt":"2025-05-12T21:57:47","guid":{"rendered":"http:\/\/vocesver.com\/noticias\/?p=46024"},"modified":"2025-05-12T21:58:15","modified_gmt":"2025-05-12T21:58:15","slug":"que-se-reactiven-servicios-de-casa-del-marino-de-xicotencalt-esquina-serdanmarinos-mercantes","status":"publish","type":"post","link":"http:\/\/vocesver.com\/noticias\/que-se-reactiven-servicios-de-casa-del-marino-de-xicotencalt-esquina-serdanmarinos-mercantes\/","title":{"rendered":"Que se reactiven servicios de Casa del Marino de Xicotencalt, esquina Serdan:Marinos Mercantes."},"content":{"rendered":"<br \/><br \/>Ausencio Rivera\/Vocesver. com\/noticias<br \/><br \/>Veracruz, Ver.. A 12 de Mayo 2025.. Es urgente que se reactive la Casa del Marino de Xicotencalt, esquina Serdan del Puerto de Veracruz, pues lleva meses sin dar servicio a los marinos mercantes qu\u00e9 arriban diariamente al puerto Jarocho. Anteriormente est\u00e1 casa les proporcionaba servicio de hospedaje, Internet , tel\u00e9fono y otros m\u00e1s, lamentablemente estos llevan meses de estar suspendidos comentan  algunos marinos mercantes de esta Ciudad.<br \/>","protected":false},"excerpt":{"rendered":"<p>Ausencio Rivera\/Vocesver. com\/noticias Veracruz, Ver.. A 12 de Mayo 2025.. Es urgente que se reactive la Casa del Marino de<\/p>\n","protected":false},"author":2,"featured_media":46028,"comment_status":"open","ping_status":"open","sticky":false,"template":"","format":"standard","meta":{"colormag_page_container_layout":"default_layout","colormag_page_sidebar_layout":"default_layout","footnotes":""},"categories":[2],"tags":[],"class_list":["post-46024","post","type-post","status-publish","format-standard","has-post-thumbnail","hentry","category-infogral"],"_links":{"self":[{"href":"http:\/\/vocesver.com\/noticias\/wp-json\/wp\/v2\/posts\/46024","targetHints":{"allow":["GET"]}}],"collection":[{"href":"http:\/\/vocesver.com\/noticias\/wp-json\/wp\/v2\/posts"}],"about":[{"href":"http:\/\/vocesver.com\/noticias\/wp-json\/wp\/v2\/types\/post"}],"author":[{"embeddable":true,"href":"http:\/\/vocesver.com\/noticias\/wp-json\/wp\/v2\/users\/2"}],"replies":[{"embeddable":true,"href":"http:\/\/vocesver.com\/noticias\/wp-json\/wp\/v2\/comments?post=46024"}],"version-history":[{"count":1,"href":"http:\/\/vocesver.com\/noticias\/wp-json\/wp\/v2\/posts\/46024\/revisions"}],"predecessor-version":[{"id":46026,"href":"http:\/\/vocesver.com\/noticias\/wp-json\/wp\/v2\/posts\/46024\/revisions\/46026"}],"wp:featuredmedia":[{"embeddable":true,"href":"http:\/\/vocesver.com\/noticias\/wp-json\/wp\/v2\/media\/46028"}],"wp:attachment":[{"href":"http:\/\/vocesver.com\/noticias\/wp-json\/wp\/v2\/media?parent=46024"}],"wp:term":[{"taxonomy":"category","embeddable":true,"href":"http:\/\/vocesver.com\/noticias\/wp-json\/wp\/v2\/categories?post=46024"},{"taxonomy":"post_tag","embeddable":true,"href":"http:\/\/vocesver.com\/noticias\/wp-json\/wp\/v2\/tags?post=46024"}],"curies":[{"name":"wp","href":"https:\/\/api.w.org\/{rel}","templated":true}]}}