{"id":46021,"date":"2025-05-12T21:47:18","date_gmt":"2025-05-12T21:47:18","guid":{"rendered":"http:\/\/vocesver.com\/noticias\/?p=46021"},"modified":"2025-05-12T21:50:43","modified_gmt":"2025-05-12T21:50:43","slug":"del-23-al-25-de-mayo-primer-encuentro-cultural-yolpaki-en-el-puerto-de-veracruz","status":"publish","type":"post","link":"http:\/\/vocesver.com\/noticias\/del-23-al-25-de-mayo-primer-encuentro-cultural-yolpaki-en-el-puerto-de-veracruz\/","title":{"rendered":"Del 23 al 25 de mayo, primer Encuentro Cultural Yolpaki, en el puerto de Veracruz"},"content":{"rendered":"<br \/>>Gran mosaico cultural, donde cada regi\u00f3n tendr\u00e1 voz, ritmo y sabor.<br \/>>M\u00fasica, danza, talleres, rituales ancestrales, artesan\u00edas, gastronom\u00eda y m\u00e1s.<br \/><br \/>Ausencio Rivera \/Vocesver. com\/noticias <br \/>Xalapa, Ver., lunes 12 de mayo de 2025.- La Secretar\u00eda de Cultura de Veracruz <br \/>(SECVER) anunci\u00f3 el Encuentro Cultural Yolpaki, evento sin precedente que, del 23 al <br \/>25 de este mes, se llevar\u00e1 a cabo en la Macroplaza del puerto de Veracruz para celebrar <br \/>la riqueza y diversidad de los pueblos originarios.<br \/>La titular de la dependencia, X\u00f3chitl Molina Gonz\u00e1lez, explic\u00f3 que el objetivo es<br \/>promover las ra\u00edces, fortalecer la identidad y detonar la econom\u00eda cultural de las 10 <br \/>regiones de Veracruz, los 13 pueblos originarios y el afrodescendiente.<br \/>\u201cEstar\u00e1n m\u00e1s de 2 mil 500 participantes, entre artesanos, artesanas, m\u00e9dicos y <br \/>representantes de las comunidades n\u00e1huatl, totonac\u00fa, t\u00e9nek, popoluca, zapoteco, <br \/>chinanteco, otom\u00ed, mazateco, tepehua, mixteco, zoque, mixe, maya y el pueblo <br \/>afromexicano\u201d, detall\u00f3.<br \/>La programaci\u00f3n de Yolpaki, que en n\u00e1huatl significa coraz\u00f3n alegre, incluir\u00e1<br \/>presentaciones de danza tradicional, muestras gastron\u00f3micas con platillos t\u00edpicos y <br \/>ancestrales, exhibici\u00f3n y venta de artesan\u00edas, rituales ind\u00edgenas y talleres de lengua, <br \/>medicina tradicional y bordado.<br \/>Como parte de las actividades, se realizar\u00e1 un gran desfile inaugural que recorrer\u00e1 <br \/>diversas calles del puerto para concluir en la Macroplaza, donde se instalar\u00e1n espacios de <br \/>exposiciones y esc\u00e9nicos que permitir\u00e1n a locales y turistas disfrutar de esta fiesta.<br \/>El encuentro responde a una de las prioridades de la administraci\u00f3n estatal, de impulsar <br \/>la cultura como eje de desarrollo social y econ\u00f3mico, fomentando el consumo local y <br \/>participaci\u00f3n de la comunidad.","protected":false},"excerpt":{"rendered":"<p>>Gran mosaico cultural, donde cada regi\u00f3n tendr\u00e1 voz, ritmo y sabor.>M\u00fasica, danza, talleres, rituales ancestrales, artesan\u00edas, gastronom\u00eda y m\u00e1s. Ausencio<\/p>\n","protected":false},"author":2,"featured_media":46025,"comment_status":"open","ping_status":"open","sticky":false,"template":"","format":"standard","meta":{"colormag_page_container_layout":"default_layout","colormag_page_sidebar_layout":"default_layout","footnotes":""},"categories":[4],"tags":[],"class_list":["post-46021","post","type-post","status-publish","format-standard","has-post-thumbnail","hentry","category-estatal"],"_links":{"self":[{"href":"http:\/\/vocesver.com\/noticias\/wp-json\/wp\/v2\/posts\/46021","targetHints":{"allow":["GET"]}}],"collection":[{"href":"http:\/\/vocesver.com\/noticias\/wp-json\/wp\/v2\/posts"}],"about":[{"href":"http:\/\/vocesver.com\/noticias\/wp-json\/wp\/v2\/types\/post"}],"author":[{"embeddable":true,"href":"http:\/\/vocesver.com\/noticias\/wp-json\/wp\/v2\/users\/2"}],"replies":[{"embeddable":true,"href":"http:\/\/vocesver.com\/noticias\/wp-json\/wp\/v2\/comments?post=46021"}],"version-history":[{"count":1,"href":"http:\/\/vocesver.com\/noticias\/wp-json\/wp\/v2\/posts\/46021\/revisions"}],"predecessor-version":[{"id":46023,"href":"http:\/\/vocesver.com\/noticias\/wp-json\/wp\/v2\/posts\/46021\/revisions\/46023"}],"wp:featuredmedia":[{"embeddable":true,"href":"http:\/\/vocesver.com\/noticias\/wp-json\/wp\/v2\/media\/46025"}],"wp:attachment":[{"href":"http:\/\/vocesver.com\/noticias\/wp-json\/wp\/v2\/media?parent=46021"}],"wp:term":[{"taxonomy":"category","embeddable":true,"href":"http:\/\/vocesver.com\/noticias\/wp-json\/wp\/v2\/categories?post=46021"},{"taxonomy":"post_tag","embeddable":true,"href":"http:\/\/vocesver.com\/noticias\/wp-json\/wp\/v2\/tags?post=46021"}],"curies":[{"name":"wp","href":"https:\/\/api.w.org\/{rel}","templated":true}]}}