{"id":46018,"date":"2025-05-12T21:40:17","date_gmt":"2025-05-12T21:40:17","guid":{"rendered":"http:\/\/vocesver.com\/noticias\/?p=46018"},"modified":"2025-05-12T22:08:50","modified_gmt":"2025-05-12T22:08:50","slug":"dignificacion-de-mercados-prioridad-de-mi-gobierno-rosa-maria","status":"publish","type":"post","link":"http:\/\/vocesver.com\/noticias\/dignificacion-de-mercados-prioridad-de-mi-gobierno-rosa-maria\/","title":{"rendered":"Dignificaci\u00f3n de mercados, prioridad de mi gobierno: Rosa Mar\u00eda"},"content":{"rendered":"<br \/>***La candidata de MORENA\u2013PVEM a la alcald\u00eda de Veracruz recibi\u00f3 el respaldo de los locatarios del mercado Malibr\u00e1n, quienes est\u00e1n convencidos de que su proyecto es el \u00fanico que puede transformar Veracruz.<br \/><br \/>Ausencio Rivera \/Vocesver. cim\/noticias <br \/>Veracruz, Ver., 12 de mayo de 2025.- Durante un recorrido en el \u201cRosa M\u00f3vil\u201d por el emblem\u00e1tico mercado Malibr\u00e1n, Rosa Mar\u00eda Hern\u00e1ndez Espejo recibi\u00f3 el respaldo c\u00e1lido de las y los locatarios, ante quienes reafirm\u00f3 que la dignificaci\u00f3n de los mercados del municipio ser\u00e1 una de las prioridades de sus primeros 100 d\u00edas de gobierno.<br \/>La candidata de la coalici\u00f3n MORENA\u2013PVEM a la presidencia municipal de Veracruz, se\u00f1al\u00f3 que los mercados p\u00fablicos han sido hist\u00f3ricamente abandonados, a pesar de ser centros clave para la econom\u00eda popular. Entre sus propuestas, destac\u00f3 la creaci\u00f3n de equipos especiales de recolecci\u00f3n de basura y camiones vactor permanentes para estos espacios, as\u00ed como di\u00e1logo constante con dirigentes para atender las necesidades de manera inmediata.<br \/>Rosa Mar\u00eda tambi\u00e9n plante\u00f3 recuperar el orden, combatir la corrupci\u00f3n y garantizar condiciones limpias y seguras para locatarios y compradores. \u201cLos mercados son el coraz\u00f3n econ\u00f3mico de muchas colonias y vamos a devolverles la dignidad que merecen\u201d, expres\u00f3.<br \/>Encuentro con mujeres empresarias<br \/>Durante el d\u00eda 14 de actividades de campa\u00f1a, la candidata fue invitada a un encuentro con mujeres empresarias integrantes de la Asociaci\u00f3n Mexicana de Mujeres Jefas de Empresa (AMMJE) y el Consejo Coordinador Empresarial Metropolitano (CCEM). Ah\u00ed destac\u00f3 que el di\u00e1logo con las mujeres que emprenden y generan empleo es fundamental para construir un gobierno cercano, justo y eficiente.<br \/>Con estas acciones, Rosa Mar\u00eda contin\u00faa recogiendo las voces ciudadanas y sumando voluntades para lograr una transformaci\u00f3n profunda y verdadera en el municipio de Veracruz.<br \/><br \/><br \/><br \/><br \/><br \/><br \/>","protected":false},"excerpt":{"rendered":"<p>***La candidata de MORENA\u2013PVEM a la alcald\u00eda de Veracruz recibi\u00f3 el respaldo de los locatarios del mercado Malibr\u00e1n, quienes est\u00e1n<\/p>\n","protected":false},"author":2,"featured_media":46022,"comment_status":"open","ping_status":"open","sticky":false,"template":"","format":"standard","meta":{"colormag_page_container_layout":"default_layout","colormag_page_sidebar_layout":"default_layout","footnotes":""},"categories":[2],"tags":[],"class_list":["post-46018","post","type-post","status-publish","format-standard","has-post-thumbnail","hentry","category-infogral"],"_links":{"self":[{"href":"http:\/\/vocesver.com\/noticias\/wp-json\/wp\/v2\/posts\/46018","targetHints":{"allow":["GET"]}}],"collection":[{"href":"http:\/\/vocesver.com\/noticias\/wp-json\/wp\/v2\/posts"}],"about":[{"href":"http:\/\/vocesver.com\/noticias\/wp-json\/wp\/v2\/types\/post"}],"author":[{"embeddable":true,"href":"http:\/\/vocesver.com\/noticias\/wp-json\/wp\/v2\/users\/2"}],"replies":[{"embeddable":true,"href":"http:\/\/vocesver.com\/noticias\/wp-json\/wp\/v2\/comments?post=46018"}],"version-history":[{"count":1,"href":"http:\/\/vocesver.com\/noticias\/wp-json\/wp\/v2\/posts\/46018\/revisions"}],"predecessor-version":[{"id":46020,"href":"http:\/\/vocesver.com\/noticias\/wp-json\/wp\/v2\/posts\/46018\/revisions\/46020"}],"wp:featuredmedia":[{"embeddable":true,"href":"http:\/\/vocesver.com\/noticias\/wp-json\/wp\/v2\/media\/46022"}],"wp:attachment":[{"href":"http:\/\/vocesver.com\/noticias\/wp-json\/wp\/v2\/media?parent=46018"}],"wp:term":[{"taxonomy":"category","embeddable":true,"href":"http:\/\/vocesver.com\/noticias\/wp-json\/wp\/v2\/categories?post=46018"},{"taxonomy":"post_tag","embeddable":true,"href":"http:\/\/vocesver.com\/noticias\/wp-json\/wp\/v2\/tags?post=46018"}],"curies":[{"name":"wp","href":"https:\/\/api.w.org\/{rel}","templated":true}]}}