{"id":46015,"date":"2025-05-09T22:14:44","date_gmt":"2025-05-09T22:14:44","guid":{"rendered":"http:\/\/vocesver.com\/noticias\/?p=46015"},"modified":"2025-05-09T22:17:12","modified_gmt":"2025-05-09T22:17:12","slug":"todo-veracruz-se-suma-al-proyecto-de-rosa-maria","status":"publish","type":"post","link":"http:\/\/vocesver.com\/noticias\/todo-veracruz-se-suma-al-proyecto-de-rosa-maria\/","title":{"rendered":"*Todo Veracruz se suma al proyecto de Rosa Mar\u00eda*"},"content":{"rendered":"<br \/><br \/>***A bordo del \u201cVocho M\u00f3vil\u201d y auxiliada por muletas -tras sufrir una lesi\u00f3n en un tobillo en uno de sus recorridos-, la candidata de Morena a la alcald\u00eda de Veracruz circul\u00f3 por el fraccionamiento Torrentes, en donde los ciudadanos le cantaron Las Ma\u00f1anitas con motivo de su cumplea\u00f1os.<br \/><br \/>Ausencio Rivera\/Vocesver. com\/noticias <br \/><br \/>Veracruz, Ver. 08 de mayo de 2025.- Con el entusiasmo y la cercan\u00eda que caracteriza su campa\u00f1a, Rosa Mar\u00eda Hern\u00e1ndez Espejo, candidata de la coalici\u00f3n MORENA\u2013PVEM a la presidencia municipal de Veracruz, present\u00f3 a los vecinos de los fraccionamientos Torrentes y Costa Dorada, el plan de gobierno que ejecutar\u00e1 a partir del primer d\u00eda de su gesti\u00f3n.<br \/><br \/>A bordo del  \u201cVocho M\u00f3vil\u201d y con muletas, la candidata fue recibida con mucho cari\u00f1o y aceptaci\u00f3n por parte de los ciudadanos, quienes adem\u00e1s de cantarle Las Ma\u00f1anitas a su llegada, se acercaron para estrechar su mano y garantizarle su respaldo en las urnas, este pr\u00f3ximo 1 de junio. <br \/><br \/>Durante el recorrido, Rosa Mar\u00eda detall\u00f3 que instalar\u00e1 c\u00e1maras de videovigilancia al estilo Ciudad de M\u00e9xico y certificar\u00e1 m\u00e1s polic\u00edas; adem\u00e1s de rescatar mercados y parques, as\u00ed como programas sociales de apoyo a madres de familia, universitarios y emprendedores locales, todo bajo un compromiso de transparencia absoluta.<br \/><br \/>Asimismo, detall\u00f3 que como temas de atenci\u00f3n prioritaria se encuentran arreglar el alumbrado en todas las calles, toda vez que es un factor contra la seguridad de los veracruzanos; la demanda sentida y constante que es el agua potable con tarifas justas y servicio eficiente y la recolecci\u00f3n diaria de la basura.<br \/><br \/>En cada recorrido mucha gente se une a las caminatas de Rosa Mar\u00eda; en esta ocasi\u00f3n el diputado local, Jos\u00e9 Ricardo \u201cPep\u00edn\u201d Ruiz Carmona, acompa\u00f1\u00f3 a la candidata morenista en una acci\u00f3n que demuestra que la unidad viene desde el interior de su partido, con la \u00fanica finalidad de que la Cuarta Transformaci\u00f3n llegue a Veracruz. <br \/><br \/>La jornada culmin\u00f3 con una asamblea informativa en el fraccionamiento Costa Dorada, donde decenas de vecinos ratificaron su apoyo al \u00fanico proyecto que es del y para el pueblo, entre aplausos y algarab\u00eda porque la gente ya decidi\u00f3 que Rosa Mar\u00eda es la respuesta para el cambio verdadero.<br \/><br \/><br \/><br \/><br \/><br \/><br \/><br \/>","protected":false},"excerpt":{"rendered":"<p>***A bordo del \u201cVocho M\u00f3vil\u201d y auxiliada por muletas -tras sufrir una lesi\u00f3n en un tobillo en uno de sus<\/p>\n","protected":false},"author":2,"featured_media":46019,"comment_status":"open","ping_status":"open","sticky":false,"template":"","format":"standard","meta":{"colormag_page_container_layout":"default_layout","colormag_page_sidebar_layout":"default_layout","footnotes":""},"categories":[2],"tags":[],"class_list":["post-46015","post","type-post","status-publish","format-standard","has-post-thumbnail","hentry","category-infogral"],"_links":{"self":[{"href":"http:\/\/vocesver.com\/noticias\/wp-json\/wp\/v2\/posts\/46015","targetHints":{"allow":["GET"]}}],"collection":[{"href":"http:\/\/vocesver.com\/noticias\/wp-json\/wp\/v2\/posts"}],"about":[{"href":"http:\/\/vocesver.com\/noticias\/wp-json\/wp\/v2\/types\/post"}],"author":[{"embeddable":true,"href":"http:\/\/vocesver.com\/noticias\/wp-json\/wp\/v2\/users\/2"}],"replies":[{"embeddable":true,"href":"http:\/\/vocesver.com\/noticias\/wp-json\/wp\/v2\/comments?post=46015"}],"version-history":[{"count":1,"href":"http:\/\/vocesver.com\/noticias\/wp-json\/wp\/v2\/posts\/46015\/revisions"}],"predecessor-version":[{"id":46017,"href":"http:\/\/vocesver.com\/noticias\/wp-json\/wp\/v2\/posts\/46015\/revisions\/46017"}],"wp:featuredmedia":[{"embeddable":true,"href":"http:\/\/vocesver.com\/noticias\/wp-json\/wp\/v2\/media\/46019"}],"wp:attachment":[{"href":"http:\/\/vocesver.com\/noticias\/wp-json\/wp\/v2\/media?parent=46015"}],"wp:term":[{"taxonomy":"category","embeddable":true,"href":"http:\/\/vocesver.com\/noticias\/wp-json\/wp\/v2\/categories?post=46015"},{"taxonomy":"post_tag","embeddable":true,"href":"http:\/\/vocesver.com\/noticias\/wp-json\/wp\/v2\/tags?post=46015"}],"curies":[{"name":"wp","href":"https:\/\/api.w.org\/{rel}","templated":true}]}}