{"id":46000,"date":"2025-05-09T21:40:58","date_gmt":"2025-05-09T21:40:58","guid":{"rendered":"http:\/\/vocesver.com\/noticias\/?p=46000"},"modified":"2025-05-09T21:42:18","modified_gmt":"2025-05-09T21:42:18","slug":"reconoce-gobernadora-a-madres-trabajadoras-en-su-dia-con-jornada-de-cultura-y-salud","status":"publish","type":"post","link":"http:\/\/vocesver.com\/noticias\/reconoce-gobernadora-a-madres-trabajadoras-en-su-dia-con-jornada-de-cultura-y-salud\/","title":{"rendered":"Reconoce Gobernadora a madres trabajadoras en su d\u00eda con jornada de cultura y salud."},"content":{"rendered":"<br \/><br \/>Ausencio Rivera \/Vocesver. com\/noticias <br \/><br \/>Xalapa, Ver., viernes 09 de mayo de 2025.\u2013 Con motivo del D\u00eda de las Madres, el <br \/>Gobierno de Veracruz organiz\u00f3 un encuentro cultural y una jornada de servicios m\u00e9dicos, <br \/>dirigida a las trabajadoras de la Administraci\u00f3n P\u00fablica Estatal.<br \/>La gobernadora Roc\u00edo Nahle Garc\u00eda las reconoci\u00f3 por el doble rol que desempe\u00f1an, \u201ces <br \/>un gusto aprovechar esta fecha para reunirnos, para reconocernos y felicitarnos, pero, <br \/>sobre todo, para agradecerles el trabajo que hacen d\u00eda a d\u00eda\u201d.<br \/>\u201cEs importante se\u00f1alar lo que significa ser madre, ser trabajadora, ser pol\u00edtica, porque es <br \/>la primera vez que una mujer es Gobernadora. Pero yo no puedo sola; para m\u00ed es un placer <br \/>que miles de mujeres me acompa\u00f1en en todo el gobierno\u201d.<br \/>Como parte de las actividades, la Secretar\u00eda de Salud instal\u00f3 la Feria de la Salud de la <br \/>Mujer, con 12 m\u00f3dulos de atenci\u00f3n m\u00e9dica y cuatro unidades m\u00f3viles que ofrecieron <br \/>mastograf\u00edas, densitometr\u00edas \u00f3seas, consultas ginecol\u00f3gicas y orientaci\u00f3n especializada.<br \/>Simult\u00e1neamente, se llev\u00f3 a cabo una muestra artesanal coordinada por la Secretar\u00eda de <br \/>Cultura, con 12 mesas de exposici\u00f3n donde se ofrecieron productos como joyer\u00eda textil, <br \/>miel, cer\u00e1mica, jabones, licores y botanas, adem\u00e1s de un m\u00f3dulo representativo de las <br \/>Mujeres Cocineras Tradicionales.<br \/>La Secretar\u00eda de Trabajo y Previsi\u00f3n Social present\u00f3 la Caravana de Servicios para <br \/>Mujeres, mientras que el Instituto de Capacitaci\u00f3n para el Trabajo ofreci\u00f3 informaci\u00f3n <br \/>sobre sus cursos regulares y alternativos. La Secretar\u00eda de Seguridad P\u00fablica promovi\u00f3 la <br \/>estrategia Mujer Alerta, y el Instituto Veracruzano de las Mujeres brind\u00f3 asesor\u00eda y <br \/>servicios gratuitos. <br \/>Por su parte, la Secretar\u00eda de Desarrollo Social difundi\u00f3 el programa Mujeres Tejedoras, <br \/>en tanto que Protecci\u00f3n Civil instal\u00f3 el m\u00f3dulo Protege como mujer. El DIF Estatal <br \/>tambi\u00e9n particip\u00f3 con atenci\u00f3n y orientaci\u00f3n especializada.El programa fue acompa\u00f1ado por presentaciones art\u00edsticas a cargo de la Tuna Femenil de <br \/>la Universidad Veracruzana, el espect\u00e1culo Juan Gabriel Sinf\u00f3nico con la Orquesta <br \/>Municipal de Xalapa y la participaci\u00f3n del Mariachi de la Secretar\u00eda de Marina..<br \/><br \/><br \/><br \/><br \/><br \/>","protected":false},"excerpt":{"rendered":"<p>Ausencio Rivera \/Vocesver. com\/noticias Xalapa, Ver., viernes 09 de mayo de 2025.\u2013 Con motivo del D\u00eda de las Madres, el<\/p>\n","protected":false},"author":2,"featured_media":46008,"comment_status":"open","ping_status":"open","sticky":false,"template":"","format":"standard","meta":{"colormag_page_container_layout":"default_layout","colormag_page_sidebar_layout":"default_layout","footnotes":""},"categories":[2],"tags":[],"class_list":["post-46000","post","type-post","status-publish","format-standard","has-post-thumbnail","hentry","category-infogral"],"_links":{"self":[{"href":"http:\/\/vocesver.com\/noticias\/wp-json\/wp\/v2\/posts\/46000","targetHints":{"allow":["GET"]}}],"collection":[{"href":"http:\/\/vocesver.com\/noticias\/wp-json\/wp\/v2\/posts"}],"about":[{"href":"http:\/\/vocesver.com\/noticias\/wp-json\/wp\/v2\/types\/post"}],"author":[{"embeddable":true,"href":"http:\/\/vocesver.com\/noticias\/wp-json\/wp\/v2\/users\/2"}],"replies":[{"embeddable":true,"href":"http:\/\/vocesver.com\/noticias\/wp-json\/wp\/v2\/comments?post=46000"}],"version-history":[{"count":1,"href":"http:\/\/vocesver.com\/noticias\/wp-json\/wp\/v2\/posts\/46000\/revisions"}],"predecessor-version":[{"id":46006,"href":"http:\/\/vocesver.com\/noticias\/wp-json\/wp\/v2\/posts\/46000\/revisions\/46006"}],"wp:featuredmedia":[{"embeddable":true,"href":"http:\/\/vocesver.com\/noticias\/wp-json\/wp\/v2\/media\/46008"}],"wp:attachment":[{"href":"http:\/\/vocesver.com\/noticias\/wp-json\/wp\/v2\/media?parent=46000"}],"wp:term":[{"taxonomy":"category","embeddable":true,"href":"http:\/\/vocesver.com\/noticias\/wp-json\/wp\/v2\/categories?post=46000"},{"taxonomy":"post_tag","embeddable":true,"href":"http:\/\/vocesver.com\/noticias\/wp-json\/wp\/v2\/tags?post=46000"}],"curies":[{"name":"wp","href":"https:\/\/api.w.org\/{rel}","templated":true}]}}