{"id":45997,"date":"2025-05-09T21:22:47","date_gmt":"2025-05-09T21:22:47","guid":{"rendered":"http:\/\/vocesver.com\/noticias\/?p=45997"},"modified":"2025-05-09T21:28:26","modified_gmt":"2025-05-09T21:28:26","slug":"que-este-10-de-mayo-los-hijos-valoren-mas-a-sus-madrecitasjose-luis-silva","status":"publish","type":"post","link":"http:\/\/vocesver.com\/noticias\/que-este-10-de-mayo-los-hijos-valoren-mas-a-sus-madrecitasjose-luis-silva\/","title":{"rendered":"Que este 10 de Mayo los hijos  valoren m\u00e1s a sus madrecitas:Jos\u00e9  Luis Silva."},"content":{"rendered":"\n<p><br>Obsequi\u00f3 este viernes biblias a madres que acudieron al caf\u00e9. <br>Cabe destacar que este personaje es el \u00fanico pastor evang\u00e9lico que regala biblias no solo en Veracruz sino en otras entidades,<br>Ausencio Rivera\/Vocesver. com\/noticias<br><br>Veracruz, Ver. A 9 de Mayo 2025.. Con el fin de que valoren m\u00e1s a sus madres, el Pastor Jos\u00e9 Luis Silva obsequi\u00f3 biblias a madres de familia en el marco del D\u00eda de las Madres que se festeja este s\u00e1bado en todo el pa\u00eds.<br>Explic\u00f3 que la biblia es un manual de principios y valores que todos debemos de aprender y llevarlos a la pr\u00e1ctica, sobre todo hay que tratar bien a nuestras progenitoras que son quienes nos dieron la vida y por lo mismo merecen todo el respeto del mundo, Las primeras biblias el pastor las entrego desde este jueves en el Gran Caf\u00e9 del Portal de la Ciudad de Veracruz a madres de familia que acudieron a este lugar.<br>El entrevistado pidi\u00f3 a hijos y padres de familia que cuiden y valoren m\u00e1s a sus madrecitas consideradas el pilar de la familia.<br>El Director del Ministerio de un Mill\u00f3n de Biblias para el mundo dijo que en el marco del D\u00eda de las Madres entregar\u00e1 alrededor de 10 mil biblias con motivo de esta fecha , mientras que para todo el Estado se entregar\u00e1n en este a\u00f1o m\u00e1s de 3 millones de biblias.<\/p>\n","protected":false},"excerpt":{"rendered":"<p>Obsequi\u00f3 este viernes biblias a madres que acudieron al caf\u00e9. Cabe destacar que este personaje es el \u00fanico pastor evang\u00e9lico<\/p>\n","protected":false},"author":2,"featured_media":46004,"comment_status":"open","ping_status":"open","sticky":false,"template":"","format":"standard","meta":{"colormag_page_container_layout":"default_layout","colormag_page_sidebar_layout":"default_layout","footnotes":""},"categories":[2],"tags":[],"class_list":["post-45997","post","type-post","status-publish","format-standard","has-post-thumbnail","hentry","category-infogral"],"_links":{"self":[{"href":"http:\/\/vocesver.com\/noticias\/wp-json\/wp\/v2\/posts\/45997","targetHints":{"allow":["GET"]}}],"collection":[{"href":"http:\/\/vocesver.com\/noticias\/wp-json\/wp\/v2\/posts"}],"about":[{"href":"http:\/\/vocesver.com\/noticias\/wp-json\/wp\/v2\/types\/post"}],"author":[{"embeddable":true,"href":"http:\/\/vocesver.com\/noticias\/wp-json\/wp\/v2\/users\/2"}],"replies":[{"embeddable":true,"href":"http:\/\/vocesver.com\/noticias\/wp-json\/wp\/v2\/comments?post=45997"}],"version-history":[{"count":3,"href":"http:\/\/vocesver.com\/noticias\/wp-json\/wp\/v2\/posts\/45997\/revisions"}],"predecessor-version":[{"id":46003,"href":"http:\/\/vocesver.com\/noticias\/wp-json\/wp\/v2\/posts\/45997\/revisions\/46003"}],"wp:featuredmedia":[{"embeddable":true,"href":"http:\/\/vocesver.com\/noticias\/wp-json\/wp\/v2\/media\/46004"}],"wp:attachment":[{"href":"http:\/\/vocesver.com\/noticias\/wp-json\/wp\/v2\/media?parent=45997"}],"wp:term":[{"taxonomy":"category","embeddable":true,"href":"http:\/\/vocesver.com\/noticias\/wp-json\/wp\/v2\/categories?post=45997"},{"taxonomy":"post_tag","embeddable":true,"href":"http:\/\/vocesver.com\/noticias\/wp-json\/wp\/v2\/tags?post=45997"}],"curies":[{"name":"wp","href":"https:\/\/api.w.org\/{rel}","templated":true}]}}