{"id":45994,"date":"2025-05-08T23:12:56","date_gmt":"2025-05-08T23:12:56","guid":{"rendered":"http:\/\/vocesver.com\/noticias\/?p=45994"},"modified":"2025-05-08T23:13:07","modified_gmt":"2025-05-08T23:13:07","slug":"apoyo-a-jovenes-desde-el-gobierno-municipal-para-lograr-el-desarrollo-de-boca-de-rio-bertha-ahued-malpica","status":"publish","type":"post","link":"http:\/\/vocesver.com\/noticias\/apoyo-a-jovenes-desde-el-gobierno-municipal-para-lograr-el-desarrollo-de-boca-de-rio-bertha-ahued-malpica\/","title":{"rendered":"*Apoyo a j\u00f3venes desde el Gobierno Municipal para lograr el desarrollo de Boca de R\u00edo: Bertha Ahued Malpica*"},"content":{"rendered":"<br \/><br \/>> Participa la candidata de Morena-PVEM en Di\u00e1logo Universitario organizado por la UCC Campus Calasanz <br \/><br \/>Ausencio Rivera\/Vocesver. com\/noticias <br \/><br \/>Boca del R\u00edo, Ver. 8 de mayo 2025.-Al ser los j\u00f3venes, uno de los ejes primordiales para la Transformaci\u00f3n de Boca del R\u00edo, Bertha Ahued Malpica, candidata a la alcald\u00eda boque\u00f1a por la coalici\u00f3n Morena-PVEM, particip\u00f3 en la jornada Di\u00e1logo Universitario Rumbo al Proceso Electoral 2025, que organiza la Universidad Crist\u00f3bal Col\u00f3n.<br \/><br \/>\u00abLos j\u00f3venes son los protagonistas de un cambio verdadero\u00bb, mencion\u00f3 Bertha Ahued Malpica, aspirante a la alcald\u00eda boque\u00f1a a quienes invit\u00f3 a sumarse a su proyecto de Transformaci\u00f3n para el municipio.<br \/><br \/>Los universitarios expusieron a la candidata sus inquietudes sobre algunos temas que les interesan, tales como el medio ambiente, oportunidades laborales para los reci\u00e9n egresados de las universidades y la seguridad en el municipio.<br \/><br \/>Ante los cuestionamientos de los j\u00f3venes , Bertha Ahued Malpica, comparti\u00f3 que dentro de su plan de gobierno se llevar\u00e1n a cabo acciones a favor de medio ambiente, como la reforestaci\u00f3n en los espacios p\u00fablicos, as\u00ed como la limpieza y desazolve del drenaje, y la regularizaci\u00f3n del servicio de recolecci\u00f3n de basura.<br \/><br \/>En el tema de apoyo a la juventud, la abanderada de Morena-PVEM, se\u00f1al\u00f3 que ya cuenta con estrategias que permitir\u00e1n la vinculaci\u00f3n de escuelas y empresas para crear bolsas de trabajo que favorezcan a los j\u00f3venes egresados y puedan incorporarse al campo laboral, fortaleciendo as\u00ed el desarrollo econ\u00f3mico local.<br \/><br \/>En tanto, en el tema de seguridad la candidata a la Presidencia Municipal de Boca del R\u00edo, se\u00f1al\u00f3 que se trabajar\u00e1 de manera coordinada con las estrategias implementadas por el Gobierno del Estado, como lo es reforzar la promoci\u00f3n y el uso de las plataformas digitales Alerta Ciudadana y Mujer Protegida, con las cuales la ciudadan\u00eda puede emitir sus reportes y alertas en tiempo real al C4 para ser atendidas de inmediato por las corporaciones de apoyo.<br \/><br \/>Antes de finalizar su participaci\u00f3n, la candidata de Morena-PVEM, exhort\u00f3 a los j\u00f3venes a analizar las propuestas, a los candidatos y candidatas y salir a las urnas el pr\u00f3ximo 1 de junio a emitir un voto razonando.<br \/><br \/>\u00abYo creo firmemente que los ciudadanos podemos hacer el cambio para lograr tener una ciudad de vida s\u00f3lida y esperanzadora, somos los ciudadanos quien hacemos el Gobierno, somos los ciudadanos que podemos incidir en cambios verdaderos saliendo a votar\u00bb, insisti\u00f3 Bertha Ahued Malpica.<br \/><br \/><br \/><br \/><br \/><br \/><br \/><br \/>","protected":false},"excerpt":{"rendered":"<p>> Participa la candidata de Morena-PVEM en Di\u00e1logo Universitario organizado por la UCC Campus Calasanz Ausencio Rivera\/Vocesver. com\/noticias Boca del<\/p>\n","protected":false},"author":2,"featured_media":45998,"comment_status":"open","ping_status":"open","sticky":false,"template":"","format":"standard","meta":{"colormag_page_container_layout":"default_layout","colormag_page_sidebar_layout":"default_layout","footnotes":""},"categories":[2],"tags":[],"class_list":["post-45994","post","type-post","status-publish","format-standard","has-post-thumbnail","hentry","category-infogral"],"_links":{"self":[{"href":"http:\/\/vocesver.com\/noticias\/wp-json\/wp\/v2\/posts\/45994","targetHints":{"allow":["GET"]}}],"collection":[{"href":"http:\/\/vocesver.com\/noticias\/wp-json\/wp\/v2\/posts"}],"about":[{"href":"http:\/\/vocesver.com\/noticias\/wp-json\/wp\/v2\/types\/post"}],"author":[{"embeddable":true,"href":"http:\/\/vocesver.com\/noticias\/wp-json\/wp\/v2\/users\/2"}],"replies":[{"embeddable":true,"href":"http:\/\/vocesver.com\/noticias\/wp-json\/wp\/v2\/comments?post=45994"}],"version-history":[{"count":1,"href":"http:\/\/vocesver.com\/noticias\/wp-json\/wp\/v2\/posts\/45994\/revisions"}],"predecessor-version":[{"id":45996,"href":"http:\/\/vocesver.com\/noticias\/wp-json\/wp\/v2\/posts\/45994\/revisions\/45996"}],"wp:featuredmedia":[{"embeddable":true,"href":"http:\/\/vocesver.com\/noticias\/wp-json\/wp\/v2\/media\/45998"}],"wp:attachment":[{"href":"http:\/\/vocesver.com\/noticias\/wp-json\/wp\/v2\/media?parent=45994"}],"wp:term":[{"taxonomy":"category","embeddable":true,"href":"http:\/\/vocesver.com\/noticias\/wp-json\/wp\/v2\/categories?post=45994"},{"taxonomy":"post_tag","embeddable":true,"href":"http:\/\/vocesver.com\/noticias\/wp-json\/wp\/v2\/tags?post=45994"}],"curies":[{"name":"wp","href":"https:\/\/api.w.org\/{rel}","templated":true}]}}