{"id":45989,"date":"2025-05-08T23:05:05","date_gmt":"2025-05-08T23:05:05","guid":{"rendered":"http:\/\/vocesver.com\/noticias\/?p=45989"},"modified":"2025-05-08T23:07:03","modified_gmt":"2025-05-08T23:07:03","slug":"nada-la-detiene-rosa-maria-sigue-firme-en-el-territorio","status":"publish","type":"post","link":"http:\/\/vocesver.com\/noticias\/nada-la-detiene-rosa-maria-sigue-firme-en-el-territorio\/","title":{"rendered":"*Nada la detiene: Rosa Mar\u00eda sigue firme en el territorio*"},"content":{"rendered":"<br \/><br \/>***En el marco de su cumplea\u00f1os, la candidata de MORENA-PVEM reiter\u00f3 ante abogados su compromiso con un cambio profundo para Veracruz.<br \/>Ausencio Rivera\/Vocesver.com\/noticias <br \/><br \/>Veracruz, Ver. 08 de mayo de 2025.- Al ritmo del mariachi que enton\u00f3 Las Ma\u00f1anitas con motivo de su cumplea\u00f1os, Rosa Mar\u00eda Hern\u00e1ndez Espejo, candidata de Morena y el Partido Verde a la presidencia municipal de Veracruz, reafirm\u00f3 ante integrantes de la Barra de Abogados su compromiso con una transformaci\u00f3n profunda y con resultados desde el primer d\u00eda de gobierno, enfocada en lo urgente: agua, basura, alumbrado, calles y espacios p\u00fablicos.<br \/><br \/>A pesar de una lesi\u00f3n en el tobillo, causada por el p\u00e9simo estado de las calles durante uno de sus recorridos, asegur\u00f3 que continuar\u00e1 en territorio \u201ccon muletas y en el vochito, el vochom\u00f3vil, ah\u00ed me voy a mover\u2026 el chiste es no parar, porque ya nada nos para, amigas y amigos, colegas, abogados y abogadas\u201d.<br \/><br \/>Durante su mensaje, record\u00f3 que el pueblo es quien impulsa este proyecto: \u201cNo es superficial, tiene mucha profundidad esa frase, porque el pueblo somos todos\u2026 los ciudadanos y todos queremos lo mejor para nuestra ciudad\u201d, agreg\u00f3.<br \/><br \/>Expuso que los grandes problemas de Veracruz han sido ignorados por la autoridad actual: el agua concesionada a Grupo MAS, el caos en la recolecci\u00f3n de basura, el abandono de los parques, la falta de alumbrado p\u00fablico y la corrupci\u00f3n detr\u00e1s de las concesiones. <br \/><br \/>\u201cEl ayuntamiento se ha hecho omiso\u2026 y no lo van a hacer porque son lo mismo: Grupo MAS y ellos son lo mismo\u201d.<br \/><br \/>Rosa Mar\u00eda enfatiz\u00f3 que trabajar\u00e1 desde el minuto uno con alma, coraz\u00f3n, habilidades y competencias, y pidi\u00f3 la confianza del gremio legal para construir un gobierno con visi\u00f3n ciudadana. \u201cEntre todos vamos a salvar nuestra ciudad\u201d, afirm\u00f3. *Nada la detiene: Rosa Mar\u00eda sigue firme en el territorio*<br \/><br \/>***En el marco de su cumplea\u00f1os, la candidata de MORENA-PVEM reiter\u00f3 ante abogados su compromiso con un cambio profundo para Veracruz.<br \/><br \/>Veracruz, Ver. 08 de mayo de 2025.- Al ritmo del mariachi que enton\u00f3 Las Ma\u00f1anitas con motivo de su cumplea\u00f1os, Rosa Mar\u00eda Hern\u00e1ndez Espejo, candidata de Morena y el Partido Verde a la presidencia municipal de Veracruz, reafirm\u00f3 ante integrantes de la Barra de Abogados su compromiso con una transformaci\u00f3n profunda y con resultados desde el primer d\u00eda de gobierno, enfocada en lo urgente: agua, basura, alumbrado, calles y espacios p\u00fablicos.<br \/><br \/>A pesar de una lesi\u00f3n en el tobillo, causada por el p\u00e9simo estado de las calles durante uno de sus recorridos, asegur\u00f3 que continuar\u00e1 en territorio \u201ccon muletas y en el vochito, el vochom\u00f3vil, ah\u00ed me voy a mover\u2026 el chiste es no parar, porque ya nada nos para, amigas y amigos, colegas, abogados y abogadas\u201d.<br \/><br \/>Durante su mensaje, record\u00f3 que el pueblo es quien impulsa este proyecto: \u201cNo es superficial, tiene mucha profundidad esa frase, porque el pueblo somos todos\u2026 los ciudadanos y todos queremos lo mejor para nuestra ciudad\u201d, agreg\u00f3.<br \/><br \/>Expuso que los grandes problemas de Veracruz han sido ignorados por la autoridad actual: el agua concesionada a Grupo MAS, el caos en la recolecci\u00f3n de basura, el abandono de los parques, la falta de alumbrado p\u00fablico y la corrupci\u00f3n detr\u00e1s de las concesiones. <br \/><br \/>\u201cEl ayuntamiento se ha hecho omiso\u2026 y no lo van a hacer porque son lo mismo: Grupo MAS y ellos son lo mismo\u201d.<br \/><br \/>Rosa Mar\u00eda enfatiz\u00f3 que trabajar\u00e1 desde el minuto uno con alma, coraz\u00f3n, habilidades y competencias, y pidi\u00f3 la confianza del gremio legal para construir un gobierno con visi\u00f3n ciudadana. \u201cEntre todos vamos a salvar nuestra ciudad\u201d, afirm\u00f3.<br \/><br \/><br \/><br \/><br \/><br \/><br \/><br \/>","protected":false},"excerpt":{"rendered":"<p>***En el marco de su cumplea\u00f1os, la candidata de MORENA-PVEM reiter\u00f3 ante abogados su compromiso con un cambio profundo para<\/p>\n","protected":false},"author":2,"featured_media":45995,"comment_status":"open","ping_status":"open","sticky":false,"template":"","format":"standard","meta":{"colormag_page_container_layout":"default_layout","colormag_page_sidebar_layout":"default_layout","footnotes":""},"categories":[2],"tags":[],"class_list":["post-45989","post","type-post","status-publish","format-standard","has-post-thumbnail","hentry","category-infogral"],"_links":{"self":[{"href":"http:\/\/vocesver.com\/noticias\/wp-json\/wp\/v2\/posts\/45989","targetHints":{"allow":["GET"]}}],"collection":[{"href":"http:\/\/vocesver.com\/noticias\/wp-json\/wp\/v2\/posts"}],"about":[{"href":"http:\/\/vocesver.com\/noticias\/wp-json\/wp\/v2\/types\/post"}],"author":[{"embeddable":true,"href":"http:\/\/vocesver.com\/noticias\/wp-json\/wp\/v2\/users\/2"}],"replies":[{"embeddable":true,"href":"http:\/\/vocesver.com\/noticias\/wp-json\/wp\/v2\/comments?post=45989"}],"version-history":[{"count":1,"href":"http:\/\/vocesver.com\/noticias\/wp-json\/wp\/v2\/posts\/45989\/revisions"}],"predecessor-version":[{"id":45993,"href":"http:\/\/vocesver.com\/noticias\/wp-json\/wp\/v2\/posts\/45989\/revisions\/45993"}],"wp:featuredmedia":[{"embeddable":true,"href":"http:\/\/vocesver.com\/noticias\/wp-json\/wp\/v2\/media\/45995"}],"wp:attachment":[{"href":"http:\/\/vocesver.com\/noticias\/wp-json\/wp\/v2\/media?parent=45989"}],"wp:term":[{"taxonomy":"category","embeddable":true,"href":"http:\/\/vocesver.com\/noticias\/wp-json\/wp\/v2\/categories?post=45989"},{"taxonomy":"post_tag","embeddable":true,"href":"http:\/\/vocesver.com\/noticias\/wp-json\/wp\/v2\/tags?post=45989"}],"curies":[{"name":"wp","href":"https:\/\/api.w.org\/{rel}","templated":true}]}}