{"id":45984,"date":"2025-05-08T00:06:08","date_gmt":"2025-05-08T00:06:08","guid":{"rendered":"http:\/\/vocesver.com\/noticias\/?p=45984"},"modified":"2025-05-08T00:38:53","modified_gmt":"2025-05-08T00:38:53","slug":"orden-y-coordinacion-para-el-transporte-en-veracruz-rosa-maria","status":"publish","type":"post","link":"http:\/\/vocesver.com\/noticias\/orden-y-coordinacion-para-el-transporte-en-veracruz-rosa-maria\/","title":{"rendered":"*Orden y coordinaci\u00f3n para el transporte en Veracruz: Rosa Mar\u00eda*"},"content":{"rendered":"<br \/><br \/>***En su octavo d\u00eda de campa\u00f1a, la candidata de MORENA-PVEM,  reafirm\u00f3 su compromiso con el reordenamiento vial y el trabajo conjunto para avanzar. <br \/><br \/>Ausencio Rivera\/Vocesver. com\/noticias <br \/>Veracruz, Ver. 07 de mayo de 2025.- Rosa Mar\u00eda Hern\u00e1ndez Espejo, candidata de la coalici\u00f3n Morena-PVEM a la presidencia municipal de Veracruz, sostuvo un encuentro con empresarios del sector de autotransportes, con quienes abord\u00f3 temas clave para el orden vial y el desarrollo econ\u00f3mico de la ciudad.<br \/><br \/>Durante la reuni\u00f3n con miembros de la CANACAR y la AAVAC, Rosa Mar\u00eda enfatiz\u00f3 que el tema de Tr\u00e1nsito es uno de los problemas m\u00e1s sentidos por la ciudadan\u00eda y plante\u00f3 la necesidad de recuperar el mando \u00fanico en coordinaci\u00f3n con el Gobierno del Estado, as\u00ed como revisar los reglamentos municipales que, dijo, \u201cno son consensuados y afectan a todos\u201d.<br \/><br \/>Se comprometi\u00f3 a mantener una coordinaci\u00f3n constante con el sector y se\u00f1al\u00f3 que la autoridad municipal debe estar en la calle y trabajar d\u00eda y noche, destacando que mantendr\u00e1 reuniones peri\u00f3dicas con los dirigentes y representantes que la C\u00e1mara designe para atender de manera directa la problem\u00e1tica del gremio.<br \/><br \/>Adem\u00e1s, Rosa Mar\u00eda anunci\u00f3 que se trabaja en una propuesta de reingenier\u00eda vial que ha sido compartida por otra c\u00e1mara empresarial, la cual permitir\u00e1 mejorar la circulaci\u00f3n y resolver conflictos de movilidad ocasionados por detalles como la falta de sincronizaci\u00f3n en sem\u00e1foros.<br \/><br \/>\u201cUstedes me dicen que les faltan operadores y la gente me pide trabajo. Vamos a coordinar esfuerzos para que ambas necesidades se encuentren\u201d, expres\u00f3 ante los empresarios.<br \/><br \/>Asimismo, durante la ma\u00f1ana de este mi\u00e9rcoles, la candidata visit\u00f3 a vecinos de la colonia Benito Ju\u00e1rez, quienes la recibieron con bastante entusiasmo porque est\u00e1n convencidos de que es la mejor opci\u00f3n para gobernar Veracruz.<br \/><br \/><br \/><br \/><br \/><br \/><br \/><br \/>","protected":false},"excerpt":{"rendered":"<p>***En su octavo d\u00eda de campa\u00f1a, la candidata de MORENA-PVEM, reafirm\u00f3 su compromiso con el reordenamiento vial y el trabajo<\/p>\n","protected":false},"author":2,"featured_media":45990,"comment_status":"open","ping_status":"open","sticky":false,"template":"","format":"standard","meta":{"colormag_page_container_layout":"default_layout","colormag_page_sidebar_layout":"default_layout","footnotes":""},"categories":[2],"tags":[],"class_list":["post-45984","post","type-post","status-publish","format-standard","has-post-thumbnail","hentry","category-infogral"],"_links":{"self":[{"href":"http:\/\/vocesver.com\/noticias\/wp-json\/wp\/v2\/posts\/45984","targetHints":{"allow":["GET"]}}],"collection":[{"href":"http:\/\/vocesver.com\/noticias\/wp-json\/wp\/v2\/posts"}],"about":[{"href":"http:\/\/vocesver.com\/noticias\/wp-json\/wp\/v2\/types\/post"}],"author":[{"embeddable":true,"href":"http:\/\/vocesver.com\/noticias\/wp-json\/wp\/v2\/users\/2"}],"replies":[{"embeddable":true,"href":"http:\/\/vocesver.com\/noticias\/wp-json\/wp\/v2\/comments?post=45984"}],"version-history":[{"count":1,"href":"http:\/\/vocesver.com\/noticias\/wp-json\/wp\/v2\/posts\/45984\/revisions"}],"predecessor-version":[{"id":45988,"href":"http:\/\/vocesver.com\/noticias\/wp-json\/wp\/v2\/posts\/45984\/revisions\/45988"}],"wp:featuredmedia":[{"embeddable":true,"href":"http:\/\/vocesver.com\/noticias\/wp-json\/wp\/v2\/media\/45990"}],"wp:attachment":[{"href":"http:\/\/vocesver.com\/noticias\/wp-json\/wp\/v2\/media?parent=45984"}],"wp:term":[{"taxonomy":"category","embeddable":true,"href":"http:\/\/vocesver.com\/noticias\/wp-json\/wp\/v2\/categories?post=45984"},{"taxonomy":"post_tag","embeddable":true,"href":"http:\/\/vocesver.com\/noticias\/wp-json\/wp\/v2\/tags?post=45984"}],"curies":[{"name":"wp","href":"https:\/\/api.w.org\/{rel}","templated":true}]}}